{"id":47647,"date":"2022-03-31T10:47:00","date_gmt":"2022-03-31T16:47:00","guid":{"rendered":"https:\/\/elreporterohgo.com\/noticias\/?p=47647"},"modified":"2022-03-31T10:47:01","modified_gmt":"2022-03-31T16:47:01","slug":"vicente-ch-capturado-accionar-armas-de-fuego","status":"publish","type":"post","link":"https:\/\/elreporterohgo.com\/noticias\/2022\/03\/31\/vicente-ch-capturado-accionar-armas-de-fuego\/","title":{"rendered":"Vicente \u00abCh\u00bb capturado accionar armas de fuego"},"content":{"rendered":"\n<figure class=\"wp-block-image\"><img fetchpriority=\"high\" decoding=\"async\" width=\"1024\" height=\"473\" src=\"https::\/\/elreporterohgo.com\/noticias\/wp-content\/uploads\/2022\/03\/0vicente-2-1-1024x473.jpg\" alt=\"\" class=\"wp-image-47649\" srcset=\"https:\/\/elreporterohgo.com\/noticias\/wp-content\/uploads\/2022\/03\/0vicente-2-1-1024x473.jpg 1024w, https:\/\/elreporterohgo.com\/noticias\/wp-content\/uploads\/2022\/03\/0vicente-2-1-300x138.jpg 300w, https:\/\/elreporterohgo.com\/noticias\/wp-content\/uploads\/2022\/03\/0vicente-2-1-768x354.jpg 768w, https:\/\/elreporterohgo.com\/noticias\/wp-content\/uploads\/2022\/03\/0vicente-2-1.jpg 1610w\" sizes=\"(max-width: 1024px) 100vw, 1024px\" \/><\/figure>\n\n\n\n<p>Por Juan Sabino Cruz<\/p>\n\n\n\n<p>IXMIQUILPAN, Agentes de la Polic\u00eda de Investigaci\u00f3n, la\nmadrugada de hoy, detuvieron a Vicente \u201cCh\u201d, hermano del ex diputado federal\nCipriano.<\/p>\n\n\n\n<p>Un reporte ciudadano alert\u00f3 sobre supuestas detonaciones de arma\nde fuego en el centro de la ciudad de Ixmiquilpan.<\/p>\n\n\n\n<p>Corporaciones polic\u00edas implementaron un operativo de\nseguridad y se identific\u00f3 al responsable de accionar las armas de fuego que\nintento escapar.<\/p>\n\n\n\n<p>Los Agentes de Investigaci\u00f3n identifican un veh\u00edculo con\npersonas a bordo, al&nbsp; realizar la\nrevisi\u00f3n, se localizan armas de fuego al interior del veh\u00edculo, identific\u00e1ndose\nuno de los tripulantes con el nombre de Vicente \u201cCh\u201d.<\/p>\n\n\n\n<p>El hombre fue asegurado a las 12:26 horas de hoy, seg\u00fan el Registro\nNaci0onal de Detenciones, en Ixmiquilpan, muy cerca de la deviaci\u00f3n para Cardonal.\n<\/p>\n","protected":false},"excerpt":{"rendered":"<p>Por Juan Sabino Cruz IXMIQUILPAN, Agentes de la Polic\u00eda de Investigaci\u00f3n, la madrugada de hoy, detuvieron a Vicente \u201cCh\u201d, hermano del ex diputado federal Cipriano. Un reporte ciudadano alert\u00f3 sobre supuestas detonaciones de arma de fuego en el centro de la ciudad de Ixmiquilpan. Corporaciones polic\u00edas implementaron un operativo de seguridad y se identific\u00f3 al<\/p>\n","protected":false},"author":2,"featured_media":47649,"comment_status":"open","ping_status":"closed","sticky":false,"template":"","format":"standard","meta":{"footnotes":""},"categories":[10],"tags":[],"class_list":{"0":"post-47647","1":"post","2":"type-post","3":"status-publish","4":"format-standard","5":"has-post-thumbnail","7":"category-hidalgo"},"_links":{"self":[{"href":"https:\/\/elreporterohgo.com\/noticias\/wp-json\/wp\/v2\/posts\/47647","targetHints":{"allow":["GET"]}}],"collection":[{"href":"https:\/\/elreporterohgo.com\/noticias\/wp-json\/wp\/v2\/posts"}],"about":[{"href":"https:\/\/elreporterohgo.com\/noticias\/wp-json\/wp\/v2\/types\/post"}],"author":[{"embeddable":true,"href":"https:\/\/elreporterohgo.com\/noticias\/wp-json\/wp\/v2\/users\/2"}],"replies":[{"embeddable":true,"href":"https:\/\/elreporterohgo.com\/noticias\/wp-json\/wp\/v2\/comments?post=47647"}],"version-history":[{"count":1,"href":"https:\/\/elreporterohgo.com\/noticias\/wp-json\/wp\/v2\/posts\/47647\/revisions"}],"predecessor-version":[{"id":47650,"href":"https:\/\/elreporterohgo.com\/noticias\/wp-json\/wp\/v2\/posts\/47647\/revisions\/47650"}],"wp:featuredmedia":[{"embeddable":true,"href":"https:\/\/elreporterohgo.com\/noticias\/wp-json\/wp\/v2\/media\/47649"}],"wp:attachment":[{"href":"https:\/\/elreporterohgo.com\/noticias\/wp-json\/wp\/v2\/media?parent=47647"}],"wp:term":[{"taxonomy":"category","embeddable":true,"href":"https:\/\/elreporterohgo.com\/noticias\/wp-json\/wp\/v2\/categories?post=47647"},{"taxonomy":"post_tag","embeddable":true,"href":"https:\/\/elreporterohgo.com\/noticias\/wp-json\/wp\/v2\/tags?post=47647"}],"curies":[{"name":"wp","href":"https:\/\/api.w.org\/{rel}","templated":true}]}}