{"id":47631,"date":"2022-03-31T07:41:45","date_gmt":"2022-03-31T13:41:45","guid":{"rendered":"https:\/\/elreporterohgo.com\/noticias\/?p=47631"},"modified":"2022-03-31T07:41:46","modified_gmt":"2022-03-31T13:41:46","slug":"choco-y-quedo-reducido-a-chatarra-un-bora","status":"publish","type":"post","link":"https:\/\/elreporterohgo.com\/noticias\/2022\/03\/31\/choco-y-quedo-reducido-a-chatarra-un-bora\/","title":{"rendered":"Choc\u00f3 y qued\u00f3 reducido a chatarra un Bora"},"content":{"rendered":"\n<figure class=\"wp-block-image\"><img fetchpriority=\"high\" decoding=\"async\" width=\"1024\" height=\"768\" src=\"https::\/\/elreporterohgo.com\/noticias\/wp-content\/uploads\/2022\/03\/c60e2880-8174-4f3d-8a47-83a348b9ec53-1024x768.jpg\" alt=\"\" class=\"wp-image-47632\" srcset=\"https:\/\/elreporterohgo.com\/noticias\/wp-content\/uploads\/2022\/03\/c60e2880-8174-4f3d-8a47-83a348b9ec53-1024x768.jpg 1024w, https:\/\/elreporterohgo.com\/noticias\/wp-content\/uploads\/2022\/03\/c60e2880-8174-4f3d-8a47-83a348b9ec53-300x225.jpg 300w, https:\/\/elreporterohgo.com\/noticias\/wp-content\/uploads\/2022\/03\/c60e2880-8174-4f3d-8a47-83a348b9ec53-768x576.jpg 768w, https:\/\/elreporterohgo.com\/noticias\/wp-content\/uploads\/2022\/03\/c60e2880-8174-4f3d-8a47-83a348b9ec53.jpg 1600w\" sizes=\"(max-width: 1024px) 100vw, 1024px\" \/><\/figure>\n\n\n\n<p>Esta grave\nel conductor<\/p>\n\n\n\n<p>APAN, Hgo.- Herido\nde gravedad resulto el conductor de un autom\u00f3vil Volkswagen Bora, la tarde de\nayer, al impactarse contra la parte trasera de un tr\u00e1iler, frente a la empresa\nEnvases Universales de Acopinalco, municipio de Apan.<\/p>\n\n\n\n<p>Personal de\nla Secretaria de Seguridad P\u00fablica de Hidalgo, dio a conocer que,\naproximadamente a las 18:30 horas les reportaron en accidente en el citado\nlugar a unos pasos de la cervecer\u00eda Grupo Modelo.<\/p>\n\n\n\n<p>En el lugar\nencontraron destrozado un autom\u00f3vil Bora, color rojo, mismo que, al parecer\nconducido con exceso de velocidad por Jos\u00e9 Hugo \u201cN\u201d, de 27 a\u00f1os, herido de\ngravedad fue trasladado a la cl\u00ednica del IMSS de Ciudad Sahag\u00fan.<\/p>\n\n\n\n<p>Se conoci\u00f3\nque el operador del coche se impact\u00f3 contra la parte trasera del tr\u00e1iler Kenworth,\ncolor blanco, con caja seca color blanco y franjas azules que era conducido por\nRub\u00e9n \u201cN\u201d de 47 a\u00f1os.<\/p>\n\n\n\n<p>Al lugar del\naccidente se presentaron Polic\u00eda Estatal como primer respondiente y en apoy\u00f3\nPolic\u00eda Municipal de Apan y Emiliano Zapata, adem\u00e1s de Protecci\u00f3n Civil.<\/p>\n","protected":false},"excerpt":{"rendered":"<p>Esta grave el conductor APAN, Hgo.- Herido de gravedad resulto el conductor de un autom\u00f3vil Volkswagen Bora, la tarde de ayer, al impactarse contra la parte trasera de un tr\u00e1iler, frente a la empresa Envases Universales de Acopinalco, municipio de Apan. Personal de la Secretaria de Seguridad P\u00fablica de Hidalgo, dio a conocer que, aproximadamente<\/p>\n","protected":false},"author":2,"featured_media":47632,"comment_status":"open","ping_status":"closed","sticky":false,"template":"","format":"standard","meta":{"footnotes":""},"categories":[10],"tags":[],"class_list":{"0":"post-47631","1":"post","2":"type-post","3":"status-publish","4":"format-standard","5":"has-post-thumbnail","7":"category-hidalgo"},"_links":{"self":[{"href":"https:\/\/elreporterohgo.com\/noticias\/wp-json\/wp\/v2\/posts\/47631","targetHints":{"allow":["GET"]}}],"collection":[{"href":"https:\/\/elreporterohgo.com\/noticias\/wp-json\/wp\/v2\/posts"}],"about":[{"href":"https:\/\/elreporterohgo.com\/noticias\/wp-json\/wp\/v2\/types\/post"}],"author":[{"embeddable":true,"href":"https:\/\/elreporterohgo.com\/noticias\/wp-json\/wp\/v2\/users\/2"}],"replies":[{"embeddable":true,"href":"https:\/\/elreporterohgo.com\/noticias\/wp-json\/wp\/v2\/comments?post=47631"}],"version-history":[{"count":1,"href":"https:\/\/elreporterohgo.com\/noticias\/wp-json\/wp\/v2\/posts\/47631\/revisions"}],"predecessor-version":[{"id":47633,"href":"https:\/\/elreporterohgo.com\/noticias\/wp-json\/wp\/v2\/posts\/47631\/revisions\/47633"}],"wp:featuredmedia":[{"embeddable":true,"href":"https:\/\/elreporterohgo.com\/noticias\/wp-json\/wp\/v2\/media\/47632"}],"wp:attachment":[{"href":"https:\/\/elreporterohgo.com\/noticias\/wp-json\/wp\/v2\/media?parent=47631"}],"wp:term":[{"taxonomy":"category","embeddable":true,"href":"https:\/\/elreporterohgo.com\/noticias\/wp-json\/wp\/v2\/categories?post=47631"},{"taxonomy":"post_tag","embeddable":true,"href":"https:\/\/elreporterohgo.com\/noticias\/wp-json\/wp\/v2\/tags?post=47631"}],"curies":[{"name":"wp","href":"https:\/\/api.w.org\/{rel}","templated":true}]}}