{"id":47623,"date":"2022-03-30T15:10:37","date_gmt":"2022-03-30T21:10:37","guid":{"rendered":"https:\/\/elreporterohgo.com\/noticias\/?p=47623"},"modified":"2022-03-30T15:13:38","modified_gmt":"2022-03-30T21:13:38","slug":"cayeron-los-multihomicidas-de-la-colonia-militar","status":"publish","type":"post","link":"https:\/\/elreporterohgo.com\/noticias\/2022\/03\/30\/cayeron-los-multihomicidas-de-la-colonia-militar\/","title":{"rendered":"Cayer\u00f3n los multihomicidas de la colonia Militar"},"content":{"rendered":"\n<figure class=\"wp-block-image\"><img fetchpriority=\"high\" decoding=\"async\" width=\"684\" height=\"474\" src=\"https::\/\/elreporterohgo.com\/noticias\/wp-content\/uploads\/2022\/03\/9211542f-4501-4dc2-b0f3-27a28fc0d556-2.jpg\" alt=\"\" class=\"wp-image-47624\" srcset=\"https:\/\/elreporterohgo.com\/noticias\/wp-content\/uploads\/2022\/03\/9211542f-4501-4dc2-b0f3-27a28fc0d556-2.jpg 684w, https:\/\/elreporterohgo.com\/noticias\/wp-content\/uploads\/2022\/03\/9211542f-4501-4dc2-b0f3-27a28fc0d556-2-300x208.jpg 300w\" sizes=\"(max-width: 684px) 100vw, 684px\" \/><\/figure>\n\n\n\n<p>Son tres y estan tras las rejas<\/p>\n\n\n\n<p>PACHUCA, Hgo.- La Procuradur\u00eda General de Justicia del Estado de Hidalgo (PGJEH) a trav\u00e9s de la Subprocuradur\u00eda oriente, obtuvo de la autoridad judicial la vinculaci\u00f3n a proceso  de tres personas por hechos que la ley sanciona como homicidio doloso calificado, en agravio de siete personas.<br> Los hechos que son materia de la imputaci\u00f3n ocurrieron el 30 de enero de 2022  en la colonia Militar, de Mineral de la Reforma, donde siete personas fueron  atacadas con disparos de armas de fuego, mismos que les provocaron lesiones y  derivado de ellos, la muerte.<br>Como resultado de un trabajo coordinado, agentes del Ministerio P\u00fablico, agentes  de la Divisi\u00f3n de investigaci\u00f3n, as\u00ed como peritos de la Divisi\u00f3n cient\u00edfica,  establecieron la identidad de los probables responsables.<br> Posteriormente esta representaci\u00f3n social solicit\u00f3 a un juez de control \u00f3rdenes de  aprehensi\u00f3n para tres personas de identidad reservada con las iniciales C. G. M.  y\/o J. C. A. C; A. A. M., y V. E. S. I., quienes fueron aprehendidos y puestos a disposici\u00f3n de la autoridad judicial, por elementos de la Divisi\u00f3n de investigaci\u00f3n.<br>Con base en la formulaci\u00f3n de la imputaci\u00f3n y los datos de prueba aportados por  parte del Ministerio P\u00fablico, el pasado 28 de marzo, el juez de la causa penal dict\u00f3  la vinculaci\u00f3n a proceso por homicidio doloso calificado.<br> Las personas imputadas permanecen bajo medida cautelar de prisi\u00f3n preventiva  oficiosa y se cuenta con un plazo de cierre de investigaci\u00f3n complementaria de cuatro meses.<\/p>\n\n\n\n<p><a href=\"https::\/\/elreporterohgo.com\/noticias\/wp-admin\/post.php?post=46080&amp;action=edit\">https::\/\/elreporterohgo.com\/noticias\/wp-admin\/post.php?post=46080&amp;action=edit<\/a><\/p>\n","protected":false},"excerpt":{"rendered":"<p>Son tres y estan tras las rejas PACHUCA, Hgo.- La Procuradur\u00eda General de Justicia del Estado de Hidalgo (PGJEH) a trav\u00e9s de la Subprocuradur\u00eda oriente, obtuvo de la autoridad judicial la vinculaci\u00f3n a proceso de tres personas por hechos que la ley sanciona como homicidio doloso calificado, en agravio de siete personas. Los hechos que<\/p>\n","protected":false},"author":2,"featured_media":47624,"comment_status":"open","ping_status":"closed","sticky":false,"template":"","format":"standard","meta":{"footnotes":""},"categories":[10],"tags":[],"class_list":{"0":"post-47623","1":"post","2":"type-post","3":"status-publish","4":"format-standard","5":"has-post-thumbnail","7":"category-hidalgo"},"_links":{"self":[{"href":"https:\/\/elreporterohgo.com\/noticias\/wp-json\/wp\/v2\/posts\/47623","targetHints":{"allow":["GET"]}}],"collection":[{"href":"https:\/\/elreporterohgo.com\/noticias\/wp-json\/wp\/v2\/posts"}],"about":[{"href":"https:\/\/elreporterohgo.com\/noticias\/wp-json\/wp\/v2\/types\/post"}],"author":[{"embeddable":true,"href":"https:\/\/elreporterohgo.com\/noticias\/wp-json\/wp\/v2\/users\/2"}],"replies":[{"embeddable":true,"href":"https:\/\/elreporterohgo.com\/noticias\/wp-json\/wp\/v2\/comments?post=47623"}],"version-history":[{"count":2,"href":"https:\/\/elreporterohgo.com\/noticias\/wp-json\/wp\/v2\/posts\/47623\/revisions"}],"predecessor-version":[{"id":47626,"href":"https:\/\/elreporterohgo.com\/noticias\/wp-json\/wp\/v2\/posts\/47623\/revisions\/47626"}],"wp:featuredmedia":[{"embeddable":true,"href":"https:\/\/elreporterohgo.com\/noticias\/wp-json\/wp\/v2\/media\/47624"}],"wp:attachment":[{"href":"https:\/\/elreporterohgo.com\/noticias\/wp-json\/wp\/v2\/media?parent=47623"}],"wp:term":[{"taxonomy":"category","embeddable":true,"href":"https:\/\/elreporterohgo.com\/noticias\/wp-json\/wp\/v2\/categories?post=47623"},{"taxonomy":"post_tag","embeddable":true,"href":"https:\/\/elreporterohgo.com\/noticias\/wp-json\/wp\/v2\/tags?post=47623"}],"curies":[{"name":"wp","href":"https:\/\/api.w.org\/{rel}","templated":true}]}}