{"id":47607,"date":"2022-03-30T08:05:22","date_gmt":"2022-03-30T14:05:22","guid":{"rendered":"https:\/\/elreporterohgo.com\/noticias\/?p=47607"},"modified":"2022-03-30T08:05:23","modified_gmt":"2022-03-30T14:05:23","slug":"al-corralon-por-usar-luces-estroboscopicas","status":"publish","type":"post","link":"https:\/\/elreporterohgo.com\/noticias\/2022\/03\/30\/al-corralon-por-usar-luces-estroboscopicas\/","title":{"rendered":"Al corral\u00f3n por usar luces estrobosc\u00f3picas"},"content":{"rendered":"\n<figure class=\"wp-block-image\"><img decoding=\"async\" width=\"333\" height=\"132\" src=\"https::\/\/elreporterohgo.com\/noticias\/wp-content\/uploads\/2022\/03\/71l6dDPKhKS._AC_SX466_-2.jpg\" alt=\"\" class=\"wp-image-47608\" srcset=\"https:\/\/elreporterohgo.com\/noticias\/wp-content\/uploads\/2022\/03\/71l6dDPKhKS._AC_SX466_-2.jpg 333w, https:\/\/elreporterohgo.com\/noticias\/wp-content\/uploads\/2022\/03\/71l6dDPKhKS._AC_SX466_-2-300x119.jpg 300w\" sizes=\"(max-width: 333px) 100vw, 333px\" \/><figcaption> <br>Luces estrobosc\u00f3picas <\/figcaption><\/figure>\n\n\n\n<p>Interceptado sobre la Ciudad Sahag\u00fan-Pachuca<\/p>\n\n\n\n<p>TEPEAPULCO, Hgo.- Un sujeto que usaba en su autom\u00f3vil luces estrobosc\u00f3picas,\nla tarde de ayer, fue intervenido por seguridad municipal y su coche emitido al\ncorral\u00f3n.<\/p>\n\n\n\n<p>Agentes de la Polic\u00eda Estatal, adscritos a la delegaci\u00f3n de\nCiudad Sahag\u00fan, aproximadamente a las 18:00 horas de ayer, interceptaron un autom\u00f3vil\nen la carretera Ciudad Sahag\u00fan-Pachuca, a la altura del libramiento a Santo\nTom\u00e1s.<\/p>\n\n\n\n<p>Los uniformados detectaron que un automovilista que conduc\u00eda\nun Chevrolet Aveo, color gris, modelo 2008, incurr\u00eda en uso indebido de\naditamentos propios de las funciones policiales, pues como accesoria ten\u00eda luces\nestrobosc\u00f3picas.<\/p>\n\n\n\n<p>Al conductor Juan Diego \u201cN\u201d, vecino de Valle de Chalco,\nEstado de M\u00e9xico, le fue asegurado el autom\u00f3vil que qued\u00f3 en resguardo del\ncorral\u00f3n.<\/p>\n","protected":false},"excerpt":{"rendered":"<p>Interceptado sobre la Ciudad Sahag\u00fan-Pachuca TEPEAPULCO, Hgo.- Un sujeto que usaba en su autom\u00f3vil luces estrobosc\u00f3picas, la tarde de ayer, fue intervenido por seguridad municipal y su coche emitido al corral\u00f3n. Agentes de la Polic\u00eda Estatal, adscritos a la delegaci\u00f3n de Ciudad Sahag\u00fan, aproximadamente a las 18:00 horas de ayer, interceptaron un autom\u00f3vil en la<\/p>\n","protected":false},"author":2,"featured_media":47608,"comment_status":"open","ping_status":"closed","sticky":false,"template":"","format":"standard","meta":{"footnotes":""},"categories":[10],"tags":[],"class_list":{"0":"post-47607","1":"post","2":"type-post","3":"status-publish","4":"format-standard","5":"has-post-thumbnail","7":"category-hidalgo"},"_links":{"self":[{"href":"https:\/\/elreporterohgo.com\/noticias\/wp-json\/wp\/v2\/posts\/47607","targetHints":{"allow":["GET"]}}],"collection":[{"href":"https:\/\/elreporterohgo.com\/noticias\/wp-json\/wp\/v2\/posts"}],"about":[{"href":"https:\/\/elreporterohgo.com\/noticias\/wp-json\/wp\/v2\/types\/post"}],"author":[{"embeddable":true,"href":"https:\/\/elreporterohgo.com\/noticias\/wp-json\/wp\/v2\/users\/2"}],"replies":[{"embeddable":true,"href":"https:\/\/elreporterohgo.com\/noticias\/wp-json\/wp\/v2\/comments?post=47607"}],"version-history":[{"count":1,"href":"https:\/\/elreporterohgo.com\/noticias\/wp-json\/wp\/v2\/posts\/47607\/revisions"}],"predecessor-version":[{"id":47609,"href":"https:\/\/elreporterohgo.com\/noticias\/wp-json\/wp\/v2\/posts\/47607\/revisions\/47609"}],"wp:featuredmedia":[{"embeddable":true,"href":"https:\/\/elreporterohgo.com\/noticias\/wp-json\/wp\/v2\/media\/47608"}],"wp:attachment":[{"href":"https:\/\/elreporterohgo.com\/noticias\/wp-json\/wp\/v2\/media?parent=47607"}],"wp:term":[{"taxonomy":"category","embeddable":true,"href":"https:\/\/elreporterohgo.com\/noticias\/wp-json\/wp\/v2\/categories?post=47607"},{"taxonomy":"post_tag","embeddable":true,"href":"https:\/\/elreporterohgo.com\/noticias\/wp-json\/wp\/v2\/tags?post=47607"}],"curies":[{"name":"wp","href":"https:\/\/api.w.org\/{rel}","templated":true}]}}