{"id":47598,"date":"2022-03-29T22:03:50","date_gmt":"2022-03-30T04:03:50","guid":{"rendered":"https:\/\/elreporterohgo.com\/noticias\/?p=47598"},"modified":"2022-03-29T22:03:52","modified_gmt":"2022-03-30T04:03:52","slug":"es-momento-de-quitarnos-la-mascarilla","status":"publish","type":"post","link":"https:\/\/elreporterohgo.com\/noticias\/2022\/03\/29\/es-momento-de-quitarnos-la-mascarilla\/","title":{"rendered":"\u00bfEs momento de quitarnos la mascarilla?"},"content":{"rendered":"\n<figure class=\"wp-block-image\"><img fetchpriority=\"high\" decoding=\"async\" width=\"1024\" height=\"538\" src=\"https::\/\/elreporterohgo.com\/noticias\/wp-content\/uploads\/2022\/03\/omicron-1024x538.png\" alt=\"\" class=\"wp-image-47600\" srcset=\"https:\/\/elreporterohgo.com\/noticias\/wp-content\/uploads\/2022\/03\/omicron-1024x538.png 1024w, https:\/\/elreporterohgo.com\/noticias\/wp-content\/uploads\/2022\/03\/omicron-300x158.png 300w, https:\/\/elreporterohgo.com\/noticias\/wp-content\/uploads\/2022\/03\/omicron-768x403.png 768w, https:\/\/elreporterohgo.com\/noticias\/wp-content\/uploads\/2022\/03\/omicron.png 1280w\" sizes=\"(max-width: 1024px) 100vw, 1024px\" \/><\/figure>\n\n\n\n<p>Tras m\u00e1s de dos a\u00f1os de COVID-19 el mundo est\u00e1 desesperado por sentir normalidad y dejar atr\u00e1s los d\u00edas de pandemia. En las \u00faltimas semanas continuamos escuchando c\u00f3mo<a href=\"https:s:\/\/espanol.medscape.com\/verarticulo\/5908517\">&nbsp;diferentes pa\u00edses han decidido quitar el uso obligatorio de mascarillas<\/a>&nbsp;(cubrebocas o barbijos). Aunque muchos estamos deseosos de que no fuera necesario utilizarlas, la evidencia cient\u00edfica respalda que su uso es una de las principales herramientas para frenar la transmisi\u00f3n de la enfermedad.<\/p>\n\n\n\n<p>Un estudio observacional analiz\u00f3 directamente el impacto del uso de mascarillas en la reducci\u00f3n de la transmisi\u00f3n secundaria de SARS-CoV-2 en los hogares de Pek\u00edn, China.<sup>[<a href=\"javascript:void(0);\">1<\/a>]<\/sup>&nbsp;Encontr\u00f3 que su uso ten\u00eda una efectividad de 79% para prevenir la transmisi\u00f3n del virus si todos los miembros del hogar utilizaban mascarillas antes de que ocurrieran los s\u00edntomas.<\/p>\n\n\n\n<p>Asimismo, en un estudio realizado por los institutos de salud de Estados Unidos se incluyeron 1,1 millones de estudiantes en nueve estados y se concluy\u00f3 que&nbsp;<a href=\"https:s:\/\/www.nih.gov\/news-events\/news-releases\/mandatory-masking-schools-reduced-covid-19-cases-during-delta-surge\">aquellas escuelas en las que el uso de mascarillas fue obligatorio tuvieron aproximadamente 72% menos casos de transmisi\u00f3n escolar de SARS-CoV-2<\/a>; esto ocurri\u00f3 durante la ola epid\u00e9mica de COVID-19 causada por la&nbsp;<a href=\"https:s:\/\/espanol.medscape.com\/verarticulo\/5907258\">variante delta<\/a>.<strong>Una suspensi\u00f3n s\u00fabita de diferentes medidas de salud p\u00fablica&#8230; podr\u00eda dar origen a nuevos brotes.<\/strong><\/p>\n\n\n\n<p>M\u00faltiples factores han influenciado en el deseo de suspender el uso de mascarillas en lugares p\u00fablicos; se unen decisiones pol\u00edticas sustentadas en poca evidencia cient\u00edfica, cansancio pand\u00e9mico, deseo de regresar el tiempo a 2019 y la falsa idea de que COVID-19 ya no es una enfermedad grave, entre otras.<\/p>\n\n\n\n<p>Sin embargo, la evidencia cient\u00edfica ha sido contundente en que el uso correcto de mascarillas disminuye la transmisi\u00f3n de SARS-CoV-2 y una suspensi\u00f3n s\u00fabita de diferentes medidas de salud p\u00fablica, incluyendo el uso de mascarillas, podr\u00eda dar origen a nuevos brotes epid\u00e9micos que tambi\u00e9n traer\u00e1n nuevas variantes de las cuales la gravedad y transmisibilidad que tengan pueden ser impredecibles.<sup>[<a href=\"javascript:void(0);\">2<\/a>]<\/sup><\/p>\n\n\n\n<p>Recordemos que estamos interconectados y que las decisiones que tomamos afectan a otros; no estamos listos para dejar de usar mascarillas, primero porque no todos estamos protegidos igual; en M\u00e9xico los adolescentes y los ni\u00f1os no han sido vacunados, por lo que la mayor\u00eda de las personas en estos rangos de edad se encuentra vulnerable. Un grupo de pacientes que es importante considerar es aquel en el que se encuentran los sujetos inmunocomprometidos, que como se sabe, no tienen adecuada respuesta humoral y celular a pesar de tener tres dosis de vacuna contra la COVID-19.<\/p>\n\n\n\n<p>*Con informaci\u00f3n de <a href=\"https:s:\/\/espanol.medscape.com\/\"><\/a>Medscape<\/p>\n","protected":false},"excerpt":{"rendered":"<p>Tras m\u00e1s de dos a\u00f1os de COVID-19 el mundo est\u00e1 desesperado por sentir normalidad y dejar atr\u00e1s los d\u00edas de pandemia. En las \u00faltimas semanas continuamos escuchando c\u00f3mo&nbsp;diferentes pa\u00edses han decidido quitar el uso obligatorio de mascarillas&nbsp;(cubrebocas o barbijos). Aunque muchos estamos deseosos de que no fuera necesario utilizarlas, la evidencia cient\u00edfica respalda que su<\/p>\n","protected":false},"author":2,"featured_media":47600,"comment_status":"open","ping_status":"closed","sticky":false,"template":"","format":"standard","meta":{"footnotes":""},"categories":[10],"tags":[],"class_list":{"0":"post-47598","1":"post","2":"type-post","3":"status-publish","4":"format-standard","5":"has-post-thumbnail","7":"category-hidalgo"},"_links":{"self":[{"href":"https:\/\/elreporterohgo.com\/noticias\/wp-json\/wp\/v2\/posts\/47598","targetHints":{"allow":["GET"]}}],"collection":[{"href":"https:\/\/elreporterohgo.com\/noticias\/wp-json\/wp\/v2\/posts"}],"about":[{"href":"https:\/\/elreporterohgo.com\/noticias\/wp-json\/wp\/v2\/types\/post"}],"author":[{"embeddable":true,"href":"https:\/\/elreporterohgo.com\/noticias\/wp-json\/wp\/v2\/users\/2"}],"replies":[{"embeddable":true,"href":"https:\/\/elreporterohgo.com\/noticias\/wp-json\/wp\/v2\/comments?post=47598"}],"version-history":[{"count":1,"href":"https:\/\/elreporterohgo.com\/noticias\/wp-json\/wp\/v2\/posts\/47598\/revisions"}],"predecessor-version":[{"id":47601,"href":"https:\/\/elreporterohgo.com\/noticias\/wp-json\/wp\/v2\/posts\/47598\/revisions\/47601"}],"wp:featuredmedia":[{"embeddable":true,"href":"https:\/\/elreporterohgo.com\/noticias\/wp-json\/wp\/v2\/media\/47600"}],"wp:attachment":[{"href":"https:\/\/elreporterohgo.com\/noticias\/wp-json\/wp\/v2\/media?parent=47598"}],"wp:term":[{"taxonomy":"category","embeddable":true,"href":"https:\/\/elreporterohgo.com\/noticias\/wp-json\/wp\/v2\/categories?post=47598"},{"taxonomy":"post_tag","embeddable":true,"href":"https:\/\/elreporterohgo.com\/noticias\/wp-json\/wp\/v2\/tags?post=47598"}],"curies":[{"name":"wp","href":"https:\/\/api.w.org\/{rel}","templated":true}]}}