{"id":47558,"date":"2022-03-29T09:48:28","date_gmt":"2022-03-29T15:48:28","guid":{"rendered":"https:\/\/elreporterohgo.com\/noticias\/?p=47558"},"modified":"2022-03-29T09:48:29","modified_gmt":"2022-03-29T15:48:29","slug":"autobus-vs-automovil-un-lesionado","status":"publish","type":"post","link":"https:\/\/elreporterohgo.com\/noticias\/2022\/03\/29\/autobus-vs-automovil-un-lesionado\/","title":{"rendered":"Autob\u00fas vs autom\u00f3vil: un lesionado"},"content":{"rendered":"\n<figure class=\"wp-block-image\"><img fetchpriority=\"high\" decoding=\"async\" width=\"898\" height=\"621\" src=\"https::\/\/elreporterohgo.com\/noticias\/wp-content\/uploads\/2022\/03\/fd31d78e-d962-46e5-8754-5c583a2c1b2a-2-copia.jpg\" alt=\"\" class=\"wp-image-47559\" srcset=\"https:\/\/elreporterohgo.com\/noticias\/wp-content\/uploads\/2022\/03\/fd31d78e-d962-46e5-8754-5c583a2c1b2a-2-copia.jpg 898w, https:\/\/elreporterohgo.com\/noticias\/wp-content\/uploads\/2022\/03\/fd31d78e-d962-46e5-8754-5c583a2c1b2a-2-copia-300x207.jpg 300w, https:\/\/elreporterohgo.com\/noticias\/wp-content\/uploads\/2022\/03\/fd31d78e-d962-46e5-8754-5c583a2c1b2a-2-copia-768x531.jpg 768w\" sizes=\"(max-width: 898px) 100vw, 898px\" \/><\/figure>\n\n\n\n<figure class=\"wp-block-image\"><img decoding=\"async\" width=\"478\" height=\"325\" src=\"https::\/\/elreporterohgo.com\/noticias\/wp-content\/uploads\/2022\/03\/4660fc4e-52b3-4177-9bc7-06d3646465dd-2.jpg\" alt=\"\" class=\"wp-image-47560\" srcset=\"https:\/\/elreporterohgo.com\/noticias\/wp-content\/uploads\/2022\/03\/4660fc4e-52b3-4177-9bc7-06d3646465dd-2.jpg 478w, https:\/\/elreporterohgo.com\/noticias\/wp-content\/uploads\/2022\/03\/4660fc4e-52b3-4177-9bc7-06d3646465dd-2-300x204.jpg 300w\" sizes=\"(max-width: 478px) 100vw, 478px\" \/><\/figure>\n\n\n\n<p>EMILIANO ZAPATA, Hgo.- Oficiales de Seguridad Municipal\natendieron un hecho de tr\u00e1nsito entre un autob\u00fas de pasajeros y un autom\u00f3vil,\nla noche de ayer, en el \u00e1rea urbana de esa Ciudad.<\/p>\n\n\n\n<p>Minutos despu\u00e9s de las 21 horas de ayer, se report\u00f3 un\npercance en la esquina de la avenida Morelos y calle Miguel Hidalgo.<\/p>\n\n\n\n<p>Como primer veh\u00edculo est\u00e1 un autob\u00fas de pasajeros color\ngris, rotulado \u201cAUTOTUR\u201d, n\u00famero 7848, mismo que tras el impacto presenta da\u00f1os\nen el \u00e1ngulo frontal izquierdo y era conducido por E.C.B. de 47 a\u00f1os.<\/p>\n\n\n\n<p>El veh\u00edculo n\u00famero dos es un Chevrolet Cavalier, color\nblanco, placas de Tlaxcala, el cual tiene da\u00f1os en los costados, era conducido por\nR.J.C., de 57 a\u00f1os, mismo que fue trasladado al nosocomio del Hospital Regional\ndel Altiplano.<\/p>\n\n\n\n<p>El asunto fue puesto a disposici\u00f3n del agente del Ministerio\nP\u00fablico para deslindar responsabilidades.<\/p>\n","protected":false},"excerpt":{"rendered":"<p>EMILIANO ZAPATA, Hgo.- Oficiales de Seguridad Municipal atendieron un hecho de tr\u00e1nsito entre un autob\u00fas de pasajeros y un autom\u00f3vil, la noche de ayer, en el \u00e1rea urbana de esa Ciudad. Minutos despu\u00e9s de las 21 horas de ayer, se report\u00f3 un percance en la esquina de la avenida Morelos y calle Miguel Hidalgo. Como<\/p>\n","protected":false},"author":2,"featured_media":47560,"comment_status":"open","ping_status":"closed","sticky":false,"template":"","format":"standard","meta":{"footnotes":""},"categories":[10],"tags":[],"class_list":{"0":"post-47558","1":"post","2":"type-post","3":"status-publish","4":"format-standard","5":"has-post-thumbnail","7":"category-hidalgo"},"_links":{"self":[{"href":"https:\/\/elreporterohgo.com\/noticias\/wp-json\/wp\/v2\/posts\/47558","targetHints":{"allow":["GET"]}}],"collection":[{"href":"https:\/\/elreporterohgo.com\/noticias\/wp-json\/wp\/v2\/posts"}],"about":[{"href":"https:\/\/elreporterohgo.com\/noticias\/wp-json\/wp\/v2\/types\/post"}],"author":[{"embeddable":true,"href":"https:\/\/elreporterohgo.com\/noticias\/wp-json\/wp\/v2\/users\/2"}],"replies":[{"embeddable":true,"href":"https:\/\/elreporterohgo.com\/noticias\/wp-json\/wp\/v2\/comments?post=47558"}],"version-history":[{"count":1,"href":"https:\/\/elreporterohgo.com\/noticias\/wp-json\/wp\/v2\/posts\/47558\/revisions"}],"predecessor-version":[{"id":47561,"href":"https:\/\/elreporterohgo.com\/noticias\/wp-json\/wp\/v2\/posts\/47558\/revisions\/47561"}],"wp:featuredmedia":[{"embeddable":true,"href":"https:\/\/elreporterohgo.com\/noticias\/wp-json\/wp\/v2\/media\/47560"}],"wp:attachment":[{"href":"https:\/\/elreporterohgo.com\/noticias\/wp-json\/wp\/v2\/media?parent=47558"}],"wp:term":[{"taxonomy":"category","embeddable":true,"href":"https:\/\/elreporterohgo.com\/noticias\/wp-json\/wp\/v2\/categories?post=47558"},{"taxonomy":"post_tag","embeddable":true,"href":"https:\/\/elreporterohgo.com\/noticias\/wp-json\/wp\/v2\/tags?post=47558"}],"curies":[{"name":"wp","href":"https:\/\/api.w.org\/{rel}","templated":true}]}}