{"id":47554,"date":"2022-03-28T23:50:14","date_gmt":"2022-03-29T05:50:14","guid":{"rendered":"https:\/\/elreporterohgo.com\/noticias\/?p=47554"},"modified":"2022-03-28T23:50:15","modified_gmt":"2022-03-29T05:50:15","slug":"aparatoso-choque-de-automoviles-compactos","status":"publish","type":"post","link":"https:\/\/elreporterohgo.com\/noticias\/2022\/03\/28\/aparatoso-choque-de-automoviles-compactos\/","title":{"rendered":"Aparatoso choque de autom\u00f3viles compactos"},"content":{"rendered":"\n<figure class=\"wp-block-image\"><img fetchpriority=\"high\" decoding=\"async\" width=\"1024\" height=\"497\" src=\"https::\/\/elreporterohgo.com\/noticias\/wp-content\/uploads\/2022\/03\/1ced7e27-8aca-4cf3-b40a-1ab0ca4dbd8c-1024x497.jpg\" alt=\"\" class=\"wp-image-47555\" srcset=\"https:\/\/elreporterohgo.com\/noticias\/wp-content\/uploads\/2022\/03\/1ced7e27-8aca-4cf3-b40a-1ab0ca4dbd8c-1024x497.jpg 1024w, https:\/\/elreporterohgo.com\/noticias\/wp-content\/uploads\/2022\/03\/1ced7e27-8aca-4cf3-b40a-1ab0ca4dbd8c-300x146.jpg 300w, https:\/\/elreporterohgo.com\/noticias\/wp-content\/uploads\/2022\/03\/1ced7e27-8aca-4cf3-b40a-1ab0ca4dbd8c-768x373.jpg 768w, https:\/\/elreporterohgo.com\/noticias\/wp-content\/uploads\/2022\/03\/1ced7e27-8aca-4cf3-b40a-1ab0ca4dbd8c.jpg 1600w\" sizes=\"(max-width: 1024px) 100vw, 1024px\" \/><\/figure>\n\n\n\n<figure class=\"wp-block-image\"><img decoding=\"async\" width=\"1024\" height=\"497\" src=\"https::\/\/elreporterohgo.com\/noticias\/wp-content\/uploads\/2022\/03\/1f5b732d-5277-4c06-8f3f-78b90dc9c184-1024x497.jpg\" alt=\"\" class=\"wp-image-47556\" srcset=\"https:\/\/elreporterohgo.com\/noticias\/wp-content\/uploads\/2022\/03\/1f5b732d-5277-4c06-8f3f-78b90dc9c184-1024x497.jpg 1024w, https:\/\/elreporterohgo.com\/noticias\/wp-content\/uploads\/2022\/03\/1f5b732d-5277-4c06-8f3f-78b90dc9c184-300x146.jpg 300w, https:\/\/elreporterohgo.com\/noticias\/wp-content\/uploads\/2022\/03\/1f5b732d-5277-4c06-8f3f-78b90dc9c184-768x373.jpg 768w, https:\/\/elreporterohgo.com\/noticias\/wp-content\/uploads\/2022\/03\/1f5b732d-5277-4c06-8f3f-78b90dc9c184.jpg 1600w\" sizes=\"(max-width: 1024px) 100vw, 1024px\" \/><\/figure>\n\n\n\n<p>APAN, Hgo.- Lesionados leves y da\u00f1os materiales dej\u00f3 como\nsaldo aparatoso accidente ocurrido, la tarde de hoy, en la carretera estatal Apan\n&#8211; San Juan Ixtilmaco.<\/p>\n\n\n\n<p>Personal del Sub centro Regional Tulancingo inform\u00f3 sobre\nun&nbsp; hecho de tr\u00e1nsito en el referido\nlugar, agentes de la Polic\u00eda Estatal atienden el reporte y encuentran dos autom\u00f3viles\ncon huellas de accidente.<\/p>\n\n\n\n<p>El veh\u00edculo uno es un Chevrolet Corsa, modelo 2005, color\nrojo, placas de Hidalgo, conducido por Gil \u201cN\u201d, de 62 a\u00f1os.<\/p>\n\n\n\n<p>Como segundo veh\u00edculo est\u00e1 un Volkswagen tipo Jetta, color\nblanco, matr\u00edcula del Estado de M\u00e9xico, manejado por Jos\u00e9 Claudio \u201cN\u201d, de 42\na\u00f1os, ambos conductores radicados en Apan.<\/p>\n\n\n\n<p>Los involucrados en el percance acodaros llegar a un acuerdo\ny sus acompa\u00f1antes fueron trasladaos a un hospital para revisi\u00f3n.<\/p>\n","protected":false},"excerpt":{"rendered":"<p>APAN, Hgo.- Lesionados leves y da\u00f1os materiales dej\u00f3 como saldo aparatoso accidente ocurrido, la tarde de hoy, en la carretera estatal Apan &#8211; San Juan Ixtilmaco. Personal del Sub centro Regional Tulancingo inform\u00f3 sobre un&nbsp; hecho de tr\u00e1nsito en el referido lugar, agentes de la Polic\u00eda Estatal atienden el reporte y encuentran dos autom\u00f3viles con<\/p>\n","protected":false},"author":2,"featured_media":47555,"comment_status":"open","ping_status":"closed","sticky":false,"template":"","format":"standard","meta":{"footnotes":""},"categories":[10],"tags":[],"class_list":{"0":"post-47554","1":"post","2":"type-post","3":"status-publish","4":"format-standard","5":"has-post-thumbnail","7":"category-hidalgo"},"_links":{"self":[{"href":"https:\/\/elreporterohgo.com\/noticias\/wp-json\/wp\/v2\/posts\/47554","targetHints":{"allow":["GET"]}}],"collection":[{"href":"https:\/\/elreporterohgo.com\/noticias\/wp-json\/wp\/v2\/posts"}],"about":[{"href":"https:\/\/elreporterohgo.com\/noticias\/wp-json\/wp\/v2\/types\/post"}],"author":[{"embeddable":true,"href":"https:\/\/elreporterohgo.com\/noticias\/wp-json\/wp\/v2\/users\/2"}],"replies":[{"embeddable":true,"href":"https:\/\/elreporterohgo.com\/noticias\/wp-json\/wp\/v2\/comments?post=47554"}],"version-history":[{"count":1,"href":"https:\/\/elreporterohgo.com\/noticias\/wp-json\/wp\/v2\/posts\/47554\/revisions"}],"predecessor-version":[{"id":47557,"href":"https:\/\/elreporterohgo.com\/noticias\/wp-json\/wp\/v2\/posts\/47554\/revisions\/47557"}],"wp:featuredmedia":[{"embeddable":true,"href":"https:\/\/elreporterohgo.com\/noticias\/wp-json\/wp\/v2\/media\/47555"}],"wp:attachment":[{"href":"https:\/\/elreporterohgo.com\/noticias\/wp-json\/wp\/v2\/media?parent=47554"}],"wp:term":[{"taxonomy":"category","embeddable":true,"href":"https:\/\/elreporterohgo.com\/noticias\/wp-json\/wp\/v2\/categories?post=47554"},{"taxonomy":"post_tag","embeddable":true,"href":"https:\/\/elreporterohgo.com\/noticias\/wp-json\/wp\/v2\/tags?post=47554"}],"curies":[{"name":"wp","href":"https:\/\/api.w.org\/{rel}","templated":true}]}}