{"id":47538,"date":"2022-03-28T14:52:31","date_gmt":"2022-03-28T20:52:31","guid":{"rendered":"https:\/\/elreporterohgo.com\/noticias\/?p=47538"},"modified":"2022-03-28T14:56:53","modified_gmt":"2022-03-28T20:56:53","slug":"avioneta-cayo-sobre-bodega-aurrera","status":"publish","type":"post","link":"https:\/\/elreporterohgo.com\/noticias\/2022\/03\/28\/avioneta-cayo-sobre-bodega-aurrera\/","title":{"rendered":"Avioneta cay\u00f3 sobre bodega Aurrera"},"content":{"rendered":"\n<figure class=\"wp-block-image\"><img fetchpriority=\"high\" decoding=\"async\" width=\"1024\" height=\"674\" src=\"https::\/\/elreporterohgo.com\/noticias\/wp-content\/uploads\/2022\/03\/b4a02ffd-f718-4b9b-9af5-625bf5458e18-2-1024x674.jpg\" alt=\"\" class=\"wp-image-47539\" srcset=\"https:\/\/elreporterohgo.com\/noticias\/wp-content\/uploads\/2022\/03\/b4a02ffd-f718-4b9b-9af5-625bf5458e18-2-1024x674.jpg 1024w, https:\/\/elreporterohgo.com\/noticias\/wp-content\/uploads\/2022\/03\/b4a02ffd-f718-4b9b-9af5-625bf5458e18-2-300x198.jpg 300w, https:\/\/elreporterohgo.com\/noticias\/wp-content\/uploads\/2022\/03\/b4a02ffd-f718-4b9b-9af5-625bf5458e18-2-768x506.jpg 768w, https:\/\/elreporterohgo.com\/noticias\/wp-content\/uploads\/2022\/03\/b4a02ffd-f718-4b9b-9af5-625bf5458e18-2.jpg 1335w\" sizes=\"(max-width: 1024px) 100vw, 1024px\" \/><\/figure>\n\n\n\n<p>TEMIXCO, Morelos.- Una avioneta Cessna, matr\u00edcula N426EM\ncay\u00f3, esta tarde, sobre la tienda Bodega Aurrera de esta ciudad.<\/p>\n\n\n\n<p>Hasta el momento no existe un reporte oficial sobre el\naccidente, sin embargo se sabe que al menos dos personas resultaron lesionadas.<\/p>\n\n\n\n<p>Param\u00e9dicos del Escuadr\u00f3n de Rescate y Urgencias M\u00e9dicas y\npersonal de la Coordinaci\u00f3n Estatal de Protecci\u00f3n Civil Morelos acudieron con\nequipo hidr\u00e1ulico para trabajar en el rescate de una persona que qued\u00f3 prensada\nentre los escombros, en la colonia Azteca.<\/p>\n\n\n\n<p>A trav\u00e9s de algunos videos que circulan en redes sociales se\npuede observar c\u00f3mo vecinos de la zona se encargan de auxiliar a las personas\nque viajaban adentro de la aeronave.<\/p>\n\n\n\n<p>Hasta el momento no hay nada oficial, no se puede hablar de los da\u00f1os y personas heridas o v\u00edctimas mortales.<\/p>\n\n\n\n<figure class=\"wp-block-image\"><img decoding=\"async\" width=\"590\" height=\"400\" src=\"https::\/\/elreporterohgo.com\/noticias\/wp-content\/uploads\/2022\/03\/fdb830ce-1c8b-4da8-b97e-594f3e661f45-2.jpg\" alt=\"\" class=\"wp-image-47541\" srcset=\"https:\/\/elreporterohgo.com\/noticias\/wp-content\/uploads\/2022\/03\/fdb830ce-1c8b-4da8-b97e-594f3e661f45-2.jpg 590w, https:\/\/elreporterohgo.com\/noticias\/wp-content\/uploads\/2022\/03\/fdb830ce-1c8b-4da8-b97e-594f3e661f45-2-300x203.jpg 300w\" sizes=\"(max-width: 590px) 100vw, 590px\" \/><\/figure>\n","protected":false},"excerpt":{"rendered":"<p>TEMIXCO, Morelos.- Una avioneta Cessna, matr\u00edcula N426EM cay\u00f3, esta tarde, sobre la tienda Bodega Aurrera de esta ciudad. Hasta el momento no existe un reporte oficial sobre el accidente, sin embargo se sabe que al menos dos personas resultaron lesionadas. Param\u00e9dicos del Escuadr\u00f3n de Rescate y Urgencias M\u00e9dicas y personal de la Coordinaci\u00f3n Estatal de<\/p>\n","protected":false},"author":2,"featured_media":47539,"comment_status":"open","ping_status":"closed","sticky":false,"template":"","format":"standard","meta":{"footnotes":""},"categories":[10],"tags":[],"class_list":{"0":"post-47538","1":"post","2":"type-post","3":"status-publish","4":"format-standard","5":"has-post-thumbnail","7":"category-hidalgo"},"_links":{"self":[{"href":"https:\/\/elreporterohgo.com\/noticias\/wp-json\/wp\/v2\/posts\/47538","targetHints":{"allow":["GET"]}}],"collection":[{"href":"https:\/\/elreporterohgo.com\/noticias\/wp-json\/wp\/v2\/posts"}],"about":[{"href":"https:\/\/elreporterohgo.com\/noticias\/wp-json\/wp\/v2\/types\/post"}],"author":[{"embeddable":true,"href":"https:\/\/elreporterohgo.com\/noticias\/wp-json\/wp\/v2\/users\/2"}],"replies":[{"embeddable":true,"href":"https:\/\/elreporterohgo.com\/noticias\/wp-json\/wp\/v2\/comments?post=47538"}],"version-history":[{"count":2,"href":"https:\/\/elreporterohgo.com\/noticias\/wp-json\/wp\/v2\/posts\/47538\/revisions"}],"predecessor-version":[{"id":47542,"href":"https:\/\/elreporterohgo.com\/noticias\/wp-json\/wp\/v2\/posts\/47538\/revisions\/47542"}],"wp:featuredmedia":[{"embeddable":true,"href":"https:\/\/elreporterohgo.com\/noticias\/wp-json\/wp\/v2\/media\/47539"}],"wp:attachment":[{"href":"https:\/\/elreporterohgo.com\/noticias\/wp-json\/wp\/v2\/media?parent=47538"}],"wp:term":[{"taxonomy":"category","embeddable":true,"href":"https:\/\/elreporterohgo.com\/noticias\/wp-json\/wp\/v2\/categories?post=47538"},{"taxonomy":"post_tag","embeddable":true,"href":"https:\/\/elreporterohgo.com\/noticias\/wp-json\/wp\/v2\/tags?post=47538"}],"curies":[{"name":"wp","href":"https:\/\/api.w.org\/{rel}","templated":true}]}}