{"id":47526,"date":"2022-03-28T11:40:44","date_gmt":"2022-03-28T17:40:44","guid":{"rendered":"https:\/\/elreporterohgo.com\/noticias\/?p=47526"},"modified":"2022-03-28T11:40:45","modified_gmt":"2022-03-28T17:40:45","slug":"secuestradores-condenados-a-50-anos-de-prision-3","status":"publish","type":"post","link":"https:\/\/elreporterohgo.com\/noticias\/2022\/03\/28\/secuestradores-condenados-a-50-anos-de-prision-3\/","title":{"rendered":"Secuestradores condenados a 50 a\u00f1os de prisi\u00f3n"},"content":{"rendered":"\n<figure class=\"wp-block-image\"><img fetchpriority=\"high\" decoding=\"async\" width=\"888\" height=\"608\" src=\"https::\/\/elreporterohgo.com\/noticias\/wp-content\/uploads\/2022\/03\/00000-2-1.jpg\" alt=\"\" class=\"wp-image-47527\" srcset=\"https:\/\/elreporterohgo.com\/noticias\/wp-content\/uploads\/2022\/03\/00000-2-1.jpg 888w, https:\/\/elreporterohgo.com\/noticias\/wp-content\/uploads\/2022\/03\/00000-2-1-300x205.jpg 300w, https:\/\/elreporterohgo.com\/noticias\/wp-content\/uploads\/2022\/03\/00000-2-1-768x526.jpg 768w\" sizes=\"(max-width: 888px) 100vw, 888px\" \/><\/figure>\n\n\n\n<p>TIZAYUCA, Hgo.- La Procuradur\u00eda General de Justicia del Estado de Hidalgo (PGJEH), se demostr\u00f3 plenamente la responsabilidad de dos personas en hechos que la ley establece como secuestro agravado, ocurrido en Tizayuca.<\/p>\n\n\n\n<p>Con base en las pruebas aportadas por el Ministerio P\u00fablico, un\ntribunal de enjuiciamiento dict\u00f3 sentencia condenatoria de 50 a\u00f1os de prisi\u00f3n\npara un par de personas identificadas como Jaime \u201cN\u201d y Fernando \u201cN\u201d.<\/p>\n\n\n\n<p>Los hechos que les fueron imputados ocurrieron en marzo del 2020,\ncuando la v\u00edctima se encontraba en la colonia Tepojaco, lugar donde lo privaron\nde la libertad agredi\u00e9ndolo y oblig\u00e1ndolo a subir a un veh\u00edculo, para\ntrasladarlo a un lugar donde lo mantuvieron en cautiverio.<\/p>\n\n\n\n<p>Minutos despu\u00e9s, los plagiarios condicionaron la libertad de la\nv\u00edctima a cambio de dinero en efectivo. Motivo por el que familiares de la\nv\u00edctima solicitaron la intervenci\u00f3n de la unidad antisecuestros de Hidalgo.<\/p>\n\n\n\n<p>Con base en las indagatorias, personal de la UECS implement\u00f3 un\noperativo t\u00e1ctico y de inteligencia que tuvo como resultado la detenci\u00f3n de dos\npersonas identificadas como Jaime \u201cN\u201d y Fernando \u201cN\u201d, quienes fueron puestos a\ndisposici\u00f3n del Ministerio P\u00fablico.<\/p>\n\n\n\n<p>Una vez que lograron la liberaci\u00f3n de la v\u00edctima, esta\nrepresentaci\u00f3n social realiz\u00f3 las investigaciones correspondientes y reuni\u00f3\ndatos de prueba contra los probables responsables, mismos que fueron\npresentados ante un juzgado de control.<\/p>\n\n\n\n<p>En la audiencia inicial, la PGJEH obtuvo del juez la vinculaci\u00f3n a\nproceso de los imputados, posteriormente agotado el plazo de la investigaci\u00f3n\ncomplementaria y transcurridas todas las etapas del proceso penal, Jaime \u201cN\u201d y\nFernando \u201cN\u201d fueron sentenciados a 50 a\u00f1os de prisi\u00f3n.<\/p>\n","protected":false},"excerpt":{"rendered":"<p>TIZAYUCA, Hgo.- La Procuradur\u00eda General de Justicia del Estado de Hidalgo (PGJEH), se demostr\u00f3 plenamente la responsabilidad de dos personas en hechos que la ley establece como secuestro agravado, ocurrido en Tizayuca. Con base en las pruebas aportadas por el Ministerio P\u00fablico, un tribunal de enjuiciamiento dict\u00f3 sentencia condenatoria de 50 a\u00f1os de prisi\u00f3n para<\/p>\n","protected":false},"author":2,"featured_media":47527,"comment_status":"open","ping_status":"closed","sticky":false,"template":"","format":"standard","meta":{"footnotes":""},"categories":[10],"tags":[],"class_list":{"0":"post-47526","1":"post","2":"type-post","3":"status-publish","4":"format-standard","5":"has-post-thumbnail","7":"category-hidalgo"},"_links":{"self":[{"href":"https:\/\/elreporterohgo.com\/noticias\/wp-json\/wp\/v2\/posts\/47526","targetHints":{"allow":["GET"]}}],"collection":[{"href":"https:\/\/elreporterohgo.com\/noticias\/wp-json\/wp\/v2\/posts"}],"about":[{"href":"https:\/\/elreporterohgo.com\/noticias\/wp-json\/wp\/v2\/types\/post"}],"author":[{"embeddable":true,"href":"https:\/\/elreporterohgo.com\/noticias\/wp-json\/wp\/v2\/users\/2"}],"replies":[{"embeddable":true,"href":"https:\/\/elreporterohgo.com\/noticias\/wp-json\/wp\/v2\/comments?post=47526"}],"version-history":[{"count":1,"href":"https:\/\/elreporterohgo.com\/noticias\/wp-json\/wp\/v2\/posts\/47526\/revisions"}],"predecessor-version":[{"id":47528,"href":"https:\/\/elreporterohgo.com\/noticias\/wp-json\/wp\/v2\/posts\/47526\/revisions\/47528"}],"wp:featuredmedia":[{"embeddable":true,"href":"https:\/\/elreporterohgo.com\/noticias\/wp-json\/wp\/v2\/media\/47527"}],"wp:attachment":[{"href":"https:\/\/elreporterohgo.com\/noticias\/wp-json\/wp\/v2\/media?parent=47526"}],"wp:term":[{"taxonomy":"category","embeddable":true,"href":"https:\/\/elreporterohgo.com\/noticias\/wp-json\/wp\/v2\/categories?post=47526"},{"taxonomy":"post_tag","embeddable":true,"href":"https:\/\/elreporterohgo.com\/noticias\/wp-json\/wp\/v2\/tags?post=47526"}],"curies":[{"name":"wp","href":"https:\/\/api.w.org\/{rel}","templated":true}]}}