{"id":47521,"date":"2022-03-28T11:13:17","date_gmt":"2022-03-28T17:13:17","guid":{"rendered":"https:\/\/elreporterohgo.com\/noticias\/?p=47521"},"modified":"2022-03-28T11:15:29","modified_gmt":"2022-03-28T17:15:29","slug":"%ef%bb%bfjovenes-hnahnu-con-su-talento-sorprenden-al-mundo","status":"publish","type":"post","link":"https:\/\/elreporterohgo.com\/noticias\/2022\/03\/28\/%ef%bb%bfjovenes-hnahnu-con-su-talento-sorprenden-al-mundo\/","title":{"rendered":"\ufeffJovenes h\u00f1ah\u00f1u con su talento sorprenden al mundo"},"content":{"rendered":"\n<p><strong>JOVENES\nH\u00d1AH\u00d1U MUESTRAN SU TALENTO Y SORPRENDEN AL MUNDO<\/strong><\/p>\n\n\n\n<figure class=\"wp-block-image\"><img fetchpriority=\"high\" decoding=\"async\" width=\"1024\" height=\"574\" src=\"https::\/\/elreporterohgo.com\/noticias\/wp-content\/uploads\/2022\/03\/Foto-1-15-1024x574.jpeg\" alt=\"\" class=\"wp-image-47522\" srcset=\"https:\/\/elreporterohgo.com\/noticias\/wp-content\/uploads\/2022\/03\/Foto-1-15-1024x574.jpeg 1024w, https:\/\/elreporterohgo.com\/noticias\/wp-content\/uploads\/2022\/03\/Foto-1-15-300x168.jpeg 300w, https:\/\/elreporterohgo.com\/noticias\/wp-content\/uploads\/2022\/03\/Foto-1-15-768x431.jpeg 768w, https:\/\/elreporterohgo.com\/noticias\/wp-content\/uploads\/2022\/03\/Foto-1-15.jpeg 1280w\" sizes=\"(max-width: 1024px) 100vw, 1024px\" \/><\/figure>\n\n\n\n<p>Ixmiquilpan,\nHgo.- J\u00f3venes del Consejo Supremo H\u00f1ah\u00f1u y de la organizaci\u00f3n Generaci\u00f3n C que\ndirige el diputado Juan Pablo Beltr\u00e1n V., convocaron a dise\u00f1adores de moda del\nestado de Hidalgo, con el prop\u00f3sito de mostrar las artes visuales y dise\u00f1os\ntextiles en una pasarela de modas que tuvo como sede el parque acu\u00e1tico\nTe-Path\u00e9 del corredor de balnearios del Valle del Mezquital.<\/p>\n\n\n\n<p>Alfonso\nS\u00e1nchez y Asael G\u00f3mez, originario de Ixmiquilpan y Ciudad Sahag\u00fan, fueron los\ntalentos que junto a modelos desfilaron en el pabell\u00f3n, donde enunciaron que la\nmoda es una expresi\u00f3n \u00edntima de la personalidad de cada uno, adem\u00e1s sus dise\u00f1os\n\u00fanicos y vanguardistas son parte de la cotidianidad.<\/p>\n\n\n\n<p>El\nevento tuvo como invitadas especiales a cientos de habitantes de diferentes\nlugares, quienes en compa\u00f1\u00eda de Carolina Viggiano Austria, secretaria general\ndel Comit\u00e9 Ejecutivo Nacional del PRI y Anayeli Mej\u00eda Res\u00e9ndiz, presidenta del\nConsejo Supremo H\u00f1ah\u00f1u, motivaron a los j\u00f3venes a nunca abandonar sus sue\u00f1os,\nellos son el presente y futuro de la humanidad.<\/p>\n\n\n\n<p>En\nsu mensaje Carolina Viggiano, agradeci\u00f3 la invitaci\u00f3n al festival donde\nmencion\u00f3 \u201cme llen\u00f3 de alegr\u00eda y orgullo ver a tantos j\u00f3venes talentosos en\ndeporte y cultura. \u00a1Siempre contar\u00e1n con mi apoyo!\u201d, cabe mencionar que la\nhistoria de vida de Caro se refleja en la defensa de los derechos de las\nmujeres.<\/p>\n\n\n\n<p>Por\nsu parte Anayeli Mej\u00eda reclam\u00f3, la desaparici\u00f3n de los programas que apoyan a\nlos j\u00f3venes y a las mujeres ind\u00edgenas, como las Estancias Infantiles, las\nEscuelas de Tiempo Completo y Los Refugios de Mujeres y las Casas de Mujeres Ind\u00edgenas.<\/p>\n\n\n\n<p>En\nsu oportunidad Gabriela L\u00f3pez Alfaro, m\u00e9dico cirujano mencion\u00f3 a pesar de que\nel registro de la primera mujer graduada en medicina fue en 1849, hoy en las\naulas y hospitales seguimos escuchando frases como \u201cUstedes Mujeres deber\u00edan\nquedarse en la cocina\u201d, condicionar una calificaci\u00f3n \u201cPor una salida por un\ncaf\u00e9\u201d, o elegir la estancia de internado en base al acoso.<\/p>\n\n\n\n<p>En\nla actualidad las mujeres se desempe\u00f1an en diferentes cargos, desde los m\u00e1s\nmodestos hasta niveles directivos, sin embargo los ataques y discriminaci\u00f3n\ncontin\u00faan por el simple hecho de ser mujeres. En el Consejo Supremo H\u00f1ah\u00f1u\nreprobamos estas acciones y exigimos respeto hacia todas las mujeres sin\nimportar su ideolog\u00eda, creencias o posici\u00f3n.<\/p>\n","protected":false},"excerpt":{"rendered":"<p>JOVENES H\u00d1AH\u00d1U MUESTRAN SU TALENTO Y SORPRENDEN AL MUNDO Ixmiquilpan, Hgo.- J\u00f3venes del Consejo Supremo H\u00f1ah\u00f1u y de la organizaci\u00f3n Generaci\u00f3n C que dirige el diputado Juan Pablo Beltr\u00e1n V., convocaron a dise\u00f1adores de moda del estado de Hidalgo, con el prop\u00f3sito de mostrar las artes visuales y dise\u00f1os textiles en una pasarela de modas<\/p>\n","protected":false},"author":2,"featured_media":47522,"comment_status":"open","ping_status":"closed","sticky":false,"template":"","format":"standard","meta":{"footnotes":""},"categories":[10],"tags":[],"class_list":{"0":"post-47521","1":"post","2":"type-post","3":"status-publish","4":"format-standard","5":"has-post-thumbnail","7":"category-hidalgo"},"_links":{"self":[{"href":"https:\/\/elreporterohgo.com\/noticias\/wp-json\/wp\/v2\/posts\/47521","targetHints":{"allow":["GET"]}}],"collection":[{"href":"https:\/\/elreporterohgo.com\/noticias\/wp-json\/wp\/v2\/posts"}],"about":[{"href":"https:\/\/elreporterohgo.com\/noticias\/wp-json\/wp\/v2\/types\/post"}],"author":[{"embeddable":true,"href":"https:\/\/elreporterohgo.com\/noticias\/wp-json\/wp\/v2\/users\/2"}],"replies":[{"embeddable":true,"href":"https:\/\/elreporterohgo.com\/noticias\/wp-json\/wp\/v2\/comments?post=47521"}],"version-history":[{"count":2,"href":"https:\/\/elreporterohgo.com\/noticias\/wp-json\/wp\/v2\/posts\/47521\/revisions"}],"predecessor-version":[{"id":47524,"href":"https:\/\/elreporterohgo.com\/noticias\/wp-json\/wp\/v2\/posts\/47521\/revisions\/47524"}],"wp:featuredmedia":[{"embeddable":true,"href":"https:\/\/elreporterohgo.com\/noticias\/wp-json\/wp\/v2\/media\/47522"}],"wp:attachment":[{"href":"https:\/\/elreporterohgo.com\/noticias\/wp-json\/wp\/v2\/media?parent=47521"}],"wp:term":[{"taxonomy":"category","embeddable":true,"href":"https:\/\/elreporterohgo.com\/noticias\/wp-json\/wp\/v2\/categories?post=47521"},{"taxonomy":"post_tag","embeddable":true,"href":"https:\/\/elreporterohgo.com\/noticias\/wp-json\/wp\/v2\/tags?post=47521"}],"curies":[{"name":"wp","href":"https:\/\/api.w.org\/{rel}","templated":true}]}}