{"id":47518,"date":"2022-03-28T11:00:28","date_gmt":"2022-03-28T17:00:28","guid":{"rendered":"https:\/\/elreporterohgo.com\/noticias\/?p=47518"},"modified":"2022-03-28T11:00:29","modified_gmt":"2022-03-28T17:00:29","slug":"hallado-muerto-con-sangre-en-la-cabeza","status":"publish","type":"post","link":"https:\/\/elreporterohgo.com\/noticias\/2022\/03\/28\/hallado-muerto-con-sangre-en-la-cabeza\/","title":{"rendered":"Hallado muerto con sangre en la cabeza"},"content":{"rendered":"\n<figure class=\"wp-block-image\"><img fetchpriority=\"high\" decoding=\"async\" width=\"495\" height=\"282\" src=\"https::\/\/elreporterohgo.com\/noticias\/wp-content\/uploads\/2022\/03\/916ba557-1aa6-49b6-ba39-905e2d743a29-2-2.jpg\" alt=\"\" class=\"wp-image-47519\" srcset=\"https:\/\/elreporterohgo.com\/noticias\/wp-content\/uploads\/2022\/03\/916ba557-1aa6-49b6-ba39-905e2d743a29-2-2.jpg 495w, https:\/\/elreporterohgo.com\/noticias\/wp-content\/uploads\/2022\/03\/916ba557-1aa6-49b6-ba39-905e2d743a29-2-2-300x171.jpg 300w\" sizes=\"(max-width: 495px) 100vw, 495px\" \/><\/figure>\n\n\n\n<p>Estaba en el canal Requena<\/p>\n\n\n\n<p>TULA DE ALLENDE, Hgo.- Un hombre fue hallado muerto con\nvestigios de sangre en la cabeza, la ma\u00f1ana de hoy, en el canal La Requena,\ncolonia El Llano de esta ciudad.<\/p>\n\n\n\n<p>Personal de la Secretar\u00eda De Seguridad P\u00fablica Y Tr\u00e1nsito\nMunicipal Tula De Allende inform\u00f3 que casi a las ocho de la ma\u00f1ana de hoy, reportaron\nque hab\u00eda un cad\u00e1ver en el referido lugar.<\/p>\n\n\n\n<p>Atendieron el reporte y en el lugar encontraron a un hombre\nque a simple vista se dieron cuenta que &nbsp;viste\ncamisa a rayas color azul con blanco y pantal\u00f3n de vestir color negro, adem\u00e1s\nse observa que tiene sangre en la parte trasera de su cabeza.<\/p>\n\n\n\n<p>Param\u00e9dicos de la Cruz Roja acudieron al lugar y confirmaron\nque el hombre carec\u00eda de signos vitales, as\u00ed que se dio aviso a la Procuradur\u00eda\nGeneral de Justicia de Hidalgo.<\/p>\n","protected":false},"excerpt":{"rendered":"<p>Estaba en el canal Requena TULA DE ALLENDE, Hgo.- Un hombre fue hallado muerto con vestigios de sangre en la cabeza, la ma\u00f1ana de hoy, en el canal La Requena, colonia El Llano de esta ciudad. Personal de la Secretar\u00eda De Seguridad P\u00fablica Y Tr\u00e1nsito Municipal Tula De Allende inform\u00f3 que casi a las ocho<\/p>\n","protected":false},"author":2,"featured_media":47519,"comment_status":"open","ping_status":"closed","sticky":false,"template":"","format":"standard","meta":{"footnotes":""},"categories":[10],"tags":[],"class_list":{"0":"post-47518","1":"post","2":"type-post","3":"status-publish","4":"format-standard","5":"has-post-thumbnail","7":"category-hidalgo"},"_links":{"self":[{"href":"https:\/\/elreporterohgo.com\/noticias\/wp-json\/wp\/v2\/posts\/47518","targetHints":{"allow":["GET"]}}],"collection":[{"href":"https:\/\/elreporterohgo.com\/noticias\/wp-json\/wp\/v2\/posts"}],"about":[{"href":"https:\/\/elreporterohgo.com\/noticias\/wp-json\/wp\/v2\/types\/post"}],"author":[{"embeddable":true,"href":"https:\/\/elreporterohgo.com\/noticias\/wp-json\/wp\/v2\/users\/2"}],"replies":[{"embeddable":true,"href":"https:\/\/elreporterohgo.com\/noticias\/wp-json\/wp\/v2\/comments?post=47518"}],"version-history":[{"count":1,"href":"https:\/\/elreporterohgo.com\/noticias\/wp-json\/wp\/v2\/posts\/47518\/revisions"}],"predecessor-version":[{"id":47520,"href":"https:\/\/elreporterohgo.com\/noticias\/wp-json\/wp\/v2\/posts\/47518\/revisions\/47520"}],"wp:featuredmedia":[{"embeddable":true,"href":"https:\/\/elreporterohgo.com\/noticias\/wp-json\/wp\/v2\/media\/47519"}],"wp:attachment":[{"href":"https:\/\/elreporterohgo.com\/noticias\/wp-json\/wp\/v2\/media?parent=47518"}],"wp:term":[{"taxonomy":"category","embeddable":true,"href":"https:\/\/elreporterohgo.com\/noticias\/wp-json\/wp\/v2\/categories?post=47518"},{"taxonomy":"post_tag","embeddable":true,"href":"https:\/\/elreporterohgo.com\/noticias\/wp-json\/wp\/v2\/tags?post=47518"}],"curies":[{"name":"wp","href":"https:\/\/api.w.org\/{rel}","templated":true}]}}