{"id":47512,"date":"2022-03-27T23:53:32","date_gmt":"2022-03-28T05:53:32","guid":{"rendered":"https:\/\/elreporterohgo.com\/noticias\/?p=47512"},"modified":"2022-03-27T23:53:32","modified_gmt":"2022-03-28T05:53:32","slug":"omar-fayad-reconocio-la-labor-de-las-parteras","status":"publish","type":"post","link":"https:\/\/elreporterohgo.com\/noticias\/2022\/03\/27\/omar-fayad-reconocio-la-labor-de-las-parteras\/","title":{"rendered":"Omar Fayad reconoci\u00f3 la labor de las parteras"},"content":{"rendered":"\n<figure class=\"wp-block-image\"><img fetchpriority=\"high\" decoding=\"async\" width=\"1024\" height=\"682\" src=\"https::\/\/elreporterohgo.com\/noticias\/wp-content\/uploads\/2022\/03\/unnamed-2022-03-27T235018.487-1024x682.jpg\" alt=\"\" class=\"wp-image-47513\" srcset=\"https:\/\/elreporterohgo.com\/noticias\/wp-content\/uploads\/2022\/03\/unnamed-2022-03-27T235018.487-1024x682.jpg 1024w, https:\/\/elreporterohgo.com\/noticias\/wp-content\/uploads\/2022\/03\/unnamed-2022-03-27T235018.487-300x200.jpg 300w, https:\/\/elreporterohgo.com\/noticias\/wp-content\/uploads\/2022\/03\/unnamed-2022-03-27T235018.487-768x512.jpg 768w, https:\/\/elreporterohgo.com\/noticias\/wp-content\/uploads\/2022\/03\/unnamed-2022-03-27T235018.487.jpg 1280w\" sizes=\"(max-width: 1024px) 100vw, 1024px\" \/><\/figure>\n\n\n\n<figure class=\"wp-block-image\"><img decoding=\"async\" width=\"1024\" height=\"768\" src=\"https::\/\/elreporterohgo.com\/noticias\/wp-content\/uploads\/2022\/03\/unnamed-2022-03-27T234921.614-1024x768.jpg\" alt=\"\" class=\"wp-image-47514\" srcset=\"https:\/\/elreporterohgo.com\/noticias\/wp-content\/uploads\/2022\/03\/unnamed-2022-03-27T234921.614-1024x768.jpg 1024w, https:\/\/elreporterohgo.com\/noticias\/wp-content\/uploads\/2022\/03\/unnamed-2022-03-27T234921.614-300x225.jpg 300w, https:\/\/elreporterohgo.com\/noticias\/wp-content\/uploads\/2022\/03\/unnamed-2022-03-27T234921.614-768x576.jpg 768w, https:\/\/elreporterohgo.com\/noticias\/wp-content\/uploads\/2022\/03\/unnamed-2022-03-27T234921.614.jpg 1280w\" sizes=\"(max-width: 1024px) 100vw, 1024px\" \/><\/figure>\n\n\n\n<p>Huejutla de Reyes, Hgo.- El gobernador supervis\u00f3 las instalaciones del Centro de Salud de Huejutla, infraestructura que brinda sus servicios a habitantes de Hidalgo, Veracruz y San Luis Potos\u00ed.<\/p>\n\n\n\n<p>Durante      el recorrido, el mandatario hidalguense reconoci\u00f3 la labor de las parteras      tradicionales quienes desde hace varias d\u00e9cadas laboran en el Centro de      Salud.<\/p>\n\n\n\n<p>En      la unidad sanitaria laboran 120 personas en las diferentes \u00e1reas como:      cr\u00f3nico-degenerativas, salud mental, control del embarazo, tuberculosis,      hipertiroidismo, Covid-19, consulta general, entre otras.<\/p>\n\n\n\n<figure class=\"wp-block-image\"><img decoding=\"async\" width=\"1024\" height=\"682\" src=\"https::\/\/elreporterohgo.com\/noticias\/wp-content\/uploads\/2022\/03\/unnamed-2022-03-27T234929.012-1024x682.jpg\" alt=\"\" class=\"wp-image-47515\" srcset=\"https:\/\/elreporterohgo.com\/noticias\/wp-content\/uploads\/2022\/03\/unnamed-2022-03-27T234929.012-1024x682.jpg 1024w, https:\/\/elreporterohgo.com\/noticias\/wp-content\/uploads\/2022\/03\/unnamed-2022-03-27T234929.012-300x200.jpg 300w, https:\/\/elreporterohgo.com\/noticias\/wp-content\/uploads\/2022\/03\/unnamed-2022-03-27T234929.012-768x512.jpg 768w, https:\/\/elreporterohgo.com\/noticias\/wp-content\/uploads\/2022\/03\/unnamed-2022-03-27T234929.012.jpg 1280w\" sizes=\"(max-width: 1024px) 100vw, 1024px\" \/><\/figure>\n","protected":false},"excerpt":{"rendered":"<p>Huejutla de Reyes, Hgo.- El gobernador supervis\u00f3 las instalaciones del Centro de Salud de Huejutla, infraestructura que brinda sus servicios a habitantes de Hidalgo, Veracruz y San Luis Potos\u00ed. Durante el recorrido, el mandatario hidalguense reconoci\u00f3 la labor de las parteras tradicionales quienes desde hace varias d\u00e9cadas laboran en el Centro de Salud. En la<\/p>\n","protected":false},"author":2,"featured_media":47513,"comment_status":"open","ping_status":"closed","sticky":false,"template":"","format":"standard","meta":{"footnotes":""},"categories":[10],"tags":[],"class_list":{"0":"post-47512","1":"post","2":"type-post","3":"status-publish","4":"format-standard","5":"has-post-thumbnail","7":"category-hidalgo"},"_links":{"self":[{"href":"https:\/\/elreporterohgo.com\/noticias\/wp-json\/wp\/v2\/posts\/47512","targetHints":{"allow":["GET"]}}],"collection":[{"href":"https:\/\/elreporterohgo.com\/noticias\/wp-json\/wp\/v2\/posts"}],"about":[{"href":"https:\/\/elreporterohgo.com\/noticias\/wp-json\/wp\/v2\/types\/post"}],"author":[{"embeddable":true,"href":"https:\/\/elreporterohgo.com\/noticias\/wp-json\/wp\/v2\/users\/2"}],"replies":[{"embeddable":true,"href":"https:\/\/elreporterohgo.com\/noticias\/wp-json\/wp\/v2\/comments?post=47512"}],"version-history":[{"count":1,"href":"https:\/\/elreporterohgo.com\/noticias\/wp-json\/wp\/v2\/posts\/47512\/revisions"}],"predecessor-version":[{"id":47516,"href":"https:\/\/elreporterohgo.com\/noticias\/wp-json\/wp\/v2\/posts\/47512\/revisions\/47516"}],"wp:featuredmedia":[{"embeddable":true,"href":"https:\/\/elreporterohgo.com\/noticias\/wp-json\/wp\/v2\/media\/47513"}],"wp:attachment":[{"href":"https:\/\/elreporterohgo.com\/noticias\/wp-json\/wp\/v2\/media?parent=47512"}],"wp:term":[{"taxonomy":"category","embeddable":true,"href":"https:\/\/elreporterohgo.com\/noticias\/wp-json\/wp\/v2\/categories?post=47512"},{"taxonomy":"post_tag","embeddable":true,"href":"https:\/\/elreporterohgo.com\/noticias\/wp-json\/wp\/v2\/tags?post=47512"}],"curies":[{"name":"wp","href":"https:\/\/api.w.org\/{rel}","templated":true}]}}