{"id":47509,"date":"2022-03-27T23:39:00","date_gmt":"2022-03-28T05:39:00","guid":{"rendered":"https:\/\/elreporterohgo.com\/noticias\/?p=47509"},"modified":"2022-03-27T23:39:01","modified_gmt":"2022-03-28T05:39:01","slug":"medidas-para-evitar-una-nueva-ola-de-la-pandemia-de-covid","status":"publish","type":"post","link":"https:\/\/elreporterohgo.com\/noticias\/2022\/03\/27\/medidas-para-evitar-una-nueva-ola-de-la-pandemia-de-covid\/","title":{"rendered":"Medidas para evitar una nueva ola de la pandemia de COVID"},"content":{"rendered":"\n<p>El m\u00e9dico internista e infect\u00f3logo, Francisco Moreno S\u00e1nchez, ha publicado en Twitter cu\u00e1les son cinco medidas que podemos tomar para evitar una nueva ola de COVID-19 en el pa\u00eds.<\/p>\n\n\n\n<p>A medida que los casos de coronavirus est\u00e1n bajando, al igual que los fallecimientos es necesario&nbsp;<strong>tomar las medidas correspondientes para que no nos encontremos con una nueva ola del virus<\/strong>&nbsp;y de esta forma poder continuar en sem\u00e1foro verde.<\/p>\n\n\n\n<p>Es por eso que el m\u00e9dico internista e infect\u00f3logo, Dr. Francisco Moreno S\u00e1nchez, el cual fue Premio Nacional de Salud en 2020,<strong>\u00a0ha publicado en Twitter cu\u00e1les son cinco medidas que podemos tomar para evitar una nueva ola de COVID-19 en el pa\u00eds.<\/strong><\/p>\n\n\n\n<figure class=\"wp-block-image\"><img fetchpriority=\"high\" decoding=\"async\" width=\"1024\" height=\"1024\" src=\"https::\/\/elreporterohgo.com\/noticias\/wp-content\/uploads\/2022\/03\/ECHANOS-EL-BRAZO-1024x1024.jpg\" alt=\"\" class=\"wp-image-47510\" srcset=\"https:\/\/elreporterohgo.com\/noticias\/wp-content\/uploads\/2022\/03\/ECHANOS-EL-BRAZO-1024x1024.jpg 1024w, https:\/\/elreporterohgo.com\/noticias\/wp-content\/uploads\/2022\/03\/ECHANOS-EL-BRAZO-150x150.jpg 150w, https:\/\/elreporterohgo.com\/noticias\/wp-content\/uploads\/2022\/03\/ECHANOS-EL-BRAZO-300x300.jpg 300w, https:\/\/elreporterohgo.com\/noticias\/wp-content\/uploads\/2022\/03\/ECHANOS-EL-BRAZO-768x768.jpg 768w, https:\/\/elreporterohgo.com\/noticias\/wp-content\/uploads\/2022\/03\/ECHANOS-EL-BRAZO-160x160.jpg 160w, https:\/\/elreporterohgo.com\/noticias\/wp-content\/uploads\/2022\/03\/ECHANOS-EL-BRAZO.jpg 1280w\" sizes=\"(max-width: 1024px) 100vw, 1024px\" \/><\/figure>\n\n\n\n<h2 class=\"wp-block-heading\">Las 5 medidas contra el coronavirus<\/h2>\n\n\n\n<ol class=\"wp-block-list\"><li>Lo primero que nos menciona el m\u00e9dico internista es que es necesario&nbsp;<strong>que se abra la vacunaci\u00f3n a los estados e instituciones de salud tanto p\u00fablica as\u00ed como privadas<\/strong>, ya que la centralizaci\u00f3n de ella est\u00e1 manteniendo a uno de cada tres mexicanos sin vacunas.<\/li><li><strong>Vacunar a los ni\u00f1os y ni\u00f1as entre los cinco y los 15 a\u00f1os<\/strong>&nbsp;en todos el pa\u00eds. \u201cEstudios con la variante #Omicron han demostrado que el da\u00f1o en ni\u00f1os no vacunados es mayor a lo que se observ\u00f3 con otras variantes Se debe proteger a la ni\u00f1ez y a la juventud mexicana\u201d, menciona el infect\u00f3logo.<\/li><li><strong>Hacer m\u00e1s pruebas para detectar el virus<\/strong>. \u201cLa disminuci\u00f3n de los nuevos casos tambi\u00e9n est\u00e1 asociada a una baj\u00edsima realizaci\u00f3n de pruebas diagn\u00f3sticas. Estamos teniendo un peque\u00f1o repunte en la \u00faltima semana y el 18 por ciento de la pruebas siguen siendo positivas\u201d, contin\u00faa en su hilo de Twitter.<\/li><li><strong>Mantener el uso del cubrebocas en espacios cerrados<\/strong>&nbsp;y a partir de esto crear una serie de pol\u00edticas para poder mejorar el aire, la ventilaci\u00f3n y los filtros. \u201cSe necesita una nueva escuela arquitect\u00f3nica que tenga como misi\u00f3n mejorar la calidad del aire\u201d.<\/li><li>\u201c<strong>Liberar a los nuevos antivirales<\/strong>&nbsp;(molnupinavir y paxlovid), el haberlos autorizado como medicamentos de emergencia solo le da a Cofepris, la facultad de decidir a qui\u00e9n s\u00ed y a quien no\u201d, concluye el hilo de Twitter el Dr. Francisco Moreno S\u00e1nchez.<\/li><\/ol>\n\n\n\n<h2 class=\"wp-block-heading\"><\/h2>\n","protected":false},"excerpt":{"rendered":"<p>El m\u00e9dico internista e infect\u00f3logo, Francisco Moreno S\u00e1nchez, ha publicado en Twitter cu\u00e1les son cinco medidas que podemos tomar para evitar una nueva ola de COVID-19 en el pa\u00eds. A medida que los casos de coronavirus est\u00e1n bajando, al igual que los fallecimientos es necesario&nbsp;tomar las medidas correspondientes para que no nos encontremos con una<\/p>\n","protected":false},"author":2,"featured_media":47510,"comment_status":"open","ping_status":"closed","sticky":false,"template":"","format":"standard","meta":{"footnotes":""},"categories":[10],"tags":[],"class_list":{"0":"post-47509","1":"post","2":"type-post","3":"status-publish","4":"format-standard","5":"has-post-thumbnail","7":"category-hidalgo"},"_links":{"self":[{"href":"https:\/\/elreporterohgo.com\/noticias\/wp-json\/wp\/v2\/posts\/47509","targetHints":{"allow":["GET"]}}],"collection":[{"href":"https:\/\/elreporterohgo.com\/noticias\/wp-json\/wp\/v2\/posts"}],"about":[{"href":"https:\/\/elreporterohgo.com\/noticias\/wp-json\/wp\/v2\/types\/post"}],"author":[{"embeddable":true,"href":"https:\/\/elreporterohgo.com\/noticias\/wp-json\/wp\/v2\/users\/2"}],"replies":[{"embeddable":true,"href":"https:\/\/elreporterohgo.com\/noticias\/wp-json\/wp\/v2\/comments?post=47509"}],"version-history":[{"count":1,"href":"https:\/\/elreporterohgo.com\/noticias\/wp-json\/wp\/v2\/posts\/47509\/revisions"}],"predecessor-version":[{"id":47511,"href":"https:\/\/elreporterohgo.com\/noticias\/wp-json\/wp\/v2\/posts\/47509\/revisions\/47511"}],"wp:featuredmedia":[{"embeddable":true,"href":"https:\/\/elreporterohgo.com\/noticias\/wp-json\/wp\/v2\/media\/47510"}],"wp:attachment":[{"href":"https:\/\/elreporterohgo.com\/noticias\/wp-json\/wp\/v2\/media?parent=47509"}],"wp:term":[{"taxonomy":"category","embeddable":true,"href":"https:\/\/elreporterohgo.com\/noticias\/wp-json\/wp\/v2\/categories?post=47509"},{"taxonomy":"post_tag","embeddable":true,"href":"https:\/\/elreporterohgo.com\/noticias\/wp-json\/wp\/v2\/tags?post=47509"}],"curies":[{"name":"wp","href":"https:\/\/api.w.org\/{rel}","templated":true}]}}