{"id":47493,"date":"2022-03-27T13:15:39","date_gmt":"2022-03-27T19:15:39","guid":{"rendered":"https:\/\/elreporterohgo.com\/noticias\/?p=47493"},"modified":"2022-03-27T13:15:40","modified_gmt":"2022-03-27T19:15:40","slug":"queja-en-materia-de-fiscalizacion-en-contra-de-morena","status":"publish","type":"post","link":"https:\/\/elreporterohgo.com\/noticias\/2022\/03\/27\/queja-en-materia-de-fiscalizacion-en-contra-de-morena\/","title":{"rendered":"Queja en materia de fiscalizaci\u00f3n en contra de MORENA"},"content":{"rendered":"\n<figure class=\"wp-block-image\"><img fetchpriority=\"high\" decoding=\"async\" width=\"1024\" height=\"702\" src=\"https::\/\/elreporterohgo.com\/noticias\/wp-content\/uploads\/2022\/03\/Foto-1-14-1024x702.jpeg\" alt=\"\" class=\"wp-image-47494\" srcset=\"https:\/\/elreporterohgo.com\/noticias\/wp-content\/uploads\/2022\/03\/Foto-1-14-1024x702.jpeg 1024w, https:\/\/elreporterohgo.com\/noticias\/wp-content\/uploads\/2022\/03\/Foto-1-14-300x206.jpeg 300w, https:\/\/elreporterohgo.com\/noticias\/wp-content\/uploads\/2022\/03\/Foto-1-14-768x526.jpeg 768w, https:\/\/elreporterohgo.com\/noticias\/wp-content\/uploads\/2022\/03\/Foto-1-14.jpeg 1280w\" sizes=\"(max-width: 1024px) 100vw, 1024px\" \/><\/figure>\n\n\n\n<p>PACHUCA, Hgo.- Marco Antonio Mendoza Bustamante, coordinador general de campa\u00f1a de Carolina Viggiano Austria, dio a conocer que el pasado 18 de marzo el Partido Revolucionario Institucional (PRI), present\u00f3 una queja en materia de fiscalizaci\u00f3n en contra del partido\u00a0 Movimiento de Regeneraci\u00f3n Nacional (MORENA), y de su aspirante por la gubernatura del estado, Julio Menchaca Salazar.<\/p>\n\n\n\n<p>En\nesta denuncia se solicita que se sumen los gastos originados por la promoci\u00f3n\nde la revocaci\u00f3n de mandato, a los topes de gasto de precampa\u00f1a de Menchaca\nSalazar, en virtud del beneficio que le genera a su candidatura dicha\npromoci\u00f3n.<\/p>\n\n\n\n<p>Mendoza\nBustamante se\u00f1al\u00f3 que el costo aproximado de la propaganda denuncianda desde su\ninicio hasta el d\u00eda de hoy, es de aproximadamente 30 millones de pesos en la\nentidad, lo que dejar\u00eda a MORENA y a su candidato con un margen m\u00ednimo para la\nrealizaci\u00f3n de eventos de campa\u00f1a, considerando los topes de gastos de este\nproceso electoral.<\/p>\n\n\n\n<p>Especific\u00f3\nque del 14 de febrero a la fecha, esta promoci\u00f3n consiste en espectaculares con\nla imagen del Presidente de la Rep\u00fablica, as\u00ed como el despliegue de brigadistas\ncon el fin de difundir la imagen presidencial, quienes a su vez han portado\nchalecos con los colores de MORENA, lo que coincide con la postulaci\u00f3n y\nprecampa\u00f1a de Julio Ram\u00f3n Menchaca Salazar.<\/p>\n\n\n\n<p>\u201cLos hechos tuvieron lugar durante la etapa\nde intercampa\u00f1a en el proceso electoral local del estado de Hidalgo, de tal\nmanera que se aprecia una estrategia donde se hace alusi\u00f3n al presidente de la\nRep\u00fablica, y los mensajes de los brigadistas fueron encaminados a posicionar a\nsu partido, lo que claramente da un mayor posicionamiento y ventaja al\nprecandidato morenista\u201d, reiter\u00f3 Mendoza Bustamente.<\/p>\n\n\n\n<p>Abund\u00f3 que la simultaneidad del proceso\nelectoral y de la revocaci\u00f3n de mandato, deben estar alineados al marco\nconstitucional y legal para evitar ventajas indebidas, cuya difusi\u00f3n es una\nfacultad exclusiva del Instituto Nacional Electoral (INE) y no de terceros,\npues permitirlo quebranta los principios constitucionales.<\/p>\n\n\n\n<p>De tal manera que la difusi\u00f3n de publicidad\nen v\u00eda p\u00fablica y el despliegue de brigadistas por diversas localidades de la\nentidad, genera un beneficio directo a la campa\u00f1a de Menchaca Salazar.<\/p>\n\n\n\n<p>Finalmente expuso, que siendo aplicable lo\ndispuesto en el art\u00edculo 76 inciso g) de la Ley General de Partidos y el\nart\u00edculo 32 del Reglamento de Fiscalizaci\u00f3n; la promoci\u00f3n del presidente de\nRep\u00fablica para el proceso de revocaci\u00f3n de mandato, genera cierta influencia al\ninterior del estado de Hidalgo, entidad en la que a la par se est\u00e1\ndesarrollando un proceso electoral local, y se puede dar por acredita la\nvinculaci\u00f3n directa al precandidato y al partido pol\u00edtico que los postula.<\/p>\n","protected":false},"excerpt":{"rendered":"<p>PACHUCA, Hgo.- Marco Antonio Mendoza Bustamante, coordinador general de campa\u00f1a de Carolina Viggiano Austria, dio a conocer que el pasado 18 de marzo el Partido Revolucionario Institucional (PRI), present\u00f3 una queja en materia de fiscalizaci\u00f3n en contra del partido\u00a0 Movimiento de Regeneraci\u00f3n Nacional (MORENA), y de su aspirante por la gubernatura del estado, Julio Menchaca<\/p>\n","protected":false},"author":2,"featured_media":47494,"comment_status":"open","ping_status":"closed","sticky":false,"template":"","format":"standard","meta":{"footnotes":""},"categories":[10],"tags":[],"class_list":{"0":"post-47493","1":"post","2":"type-post","3":"status-publish","4":"format-standard","5":"has-post-thumbnail","7":"category-hidalgo"},"_links":{"self":[{"href":"https:\/\/elreporterohgo.com\/noticias\/wp-json\/wp\/v2\/posts\/47493","targetHints":{"allow":["GET"]}}],"collection":[{"href":"https:\/\/elreporterohgo.com\/noticias\/wp-json\/wp\/v2\/posts"}],"about":[{"href":"https:\/\/elreporterohgo.com\/noticias\/wp-json\/wp\/v2\/types\/post"}],"author":[{"embeddable":true,"href":"https:\/\/elreporterohgo.com\/noticias\/wp-json\/wp\/v2\/users\/2"}],"replies":[{"embeddable":true,"href":"https:\/\/elreporterohgo.com\/noticias\/wp-json\/wp\/v2\/comments?post=47493"}],"version-history":[{"count":1,"href":"https:\/\/elreporterohgo.com\/noticias\/wp-json\/wp\/v2\/posts\/47493\/revisions"}],"predecessor-version":[{"id":47495,"href":"https:\/\/elreporterohgo.com\/noticias\/wp-json\/wp\/v2\/posts\/47493\/revisions\/47495"}],"wp:featuredmedia":[{"embeddable":true,"href":"https:\/\/elreporterohgo.com\/noticias\/wp-json\/wp\/v2\/media\/47494"}],"wp:attachment":[{"href":"https:\/\/elreporterohgo.com\/noticias\/wp-json\/wp\/v2\/media?parent=47493"}],"wp:term":[{"taxonomy":"category","embeddable":true,"href":"https:\/\/elreporterohgo.com\/noticias\/wp-json\/wp\/v2\/categories?post=47493"},{"taxonomy":"post_tag","embeddable":true,"href":"https:\/\/elreporterohgo.com\/noticias\/wp-json\/wp\/v2\/tags?post=47493"}],"curies":[{"name":"wp","href":"https:\/\/api.w.org\/{rel}","templated":true}]}}