{"id":47462,"date":"2022-03-26T12:32:00","date_gmt":"2022-03-26T18:32:00","guid":{"rendered":"https:\/\/elreporterohgo.com\/noticias\/?p=47462"},"modified":"2022-03-26T12:32:01","modified_gmt":"2022-03-26T18:32:01","slug":"aparatosa-volcadura-dejo-danos-materiales","status":"publish","type":"post","link":"https:\/\/elreporterohgo.com\/noticias\/2022\/03\/26\/aparatosa-volcadura-dejo-danos-materiales\/","title":{"rendered":"Aparatosa volcadura dejo da\u00f1os materiales"},"content":{"rendered":"\n<figure class=\"wp-block-image\"><img fetchpriority=\"high\" decoding=\"async\" width=\"1024\" height=\"768\" src=\"https::\/\/elreporterohgo.com\/noticias\/wp-content\/uploads\/2022\/03\/f7103d94-7a8f-4fbe-9f31-aa1b105cbd82-1024x768.jpg\" alt=\"\" class=\"wp-image-47463\" srcset=\"https:\/\/elreporterohgo.com\/noticias\/wp-content\/uploads\/2022\/03\/f7103d94-7a8f-4fbe-9f31-aa1b105cbd82-1024x768.jpg 1024w, https:\/\/elreporterohgo.com\/noticias\/wp-content\/uploads\/2022\/03\/f7103d94-7a8f-4fbe-9f31-aa1b105cbd82-300x225.jpg 300w, https:\/\/elreporterohgo.com\/noticias\/wp-content\/uploads\/2022\/03\/f7103d94-7a8f-4fbe-9f31-aa1b105cbd82-768x576.jpg 768w, https:\/\/elreporterohgo.com\/noticias\/wp-content\/uploads\/2022\/03\/f7103d94-7a8f-4fbe-9f31-aa1b105cbd82.jpg 1280w\" sizes=\"(max-width: 1024px) 100vw, 1024px\" \/><\/figure>\n\n\n\n<p>ACTOPAN, Hgo.- La volcadura de un autom\u00f3vil propicio la\nmovilizaci\u00f3n de cuerpos de seguridad y auxilio, la madrugada de hoy, afortunadamente,\ntodo qued\u00f3 en da\u00f1os materiales sin vidas que lamentar.<\/p>\n\n\n\n<p>Oficiales de la Polic\u00eda estatal informaron que, despu\u00e9s de\nlas dos de la ma\u00f1ana de hoy, reportaron un accidente en la carretera\nlibramiento Actopan-Ixmiquilpan, as\u00ed que se trasladan al lugar.<\/p>\n\n\n\n<p>En el lugar se dieron cuenta que el hecho de tr\u00e1nsito consisti\u00f3\nen una salida de camino y volcadura de un coche Volkswagen, color rojo, placas NXW-35-35\ndel Estado de M\u00e9xico, conducido por Mario \u201cN\u201d, de 27 a\u00f1os, vecino de Tec\u00e1mac.<\/p>\n\n\n\n<p>El operador refiri\u00f3 que se sali\u00f3 de la carpeta asf\u00e1ltica y\nsufri\u00f3 la volcadura, no requiri\u00f3 atenci\u00f3n m\u00e9dica y afortunadamente todo qued\u00f3\nen da\u00f1os materiales.<\/p>\n","protected":false},"excerpt":{"rendered":"<p>ACTOPAN, Hgo.- La volcadura de un autom\u00f3vil propicio la movilizaci\u00f3n de cuerpos de seguridad y auxilio, la madrugada de hoy, afortunadamente, todo qued\u00f3 en da\u00f1os materiales sin vidas que lamentar. Oficiales de la Polic\u00eda estatal informaron que, despu\u00e9s de las dos de la ma\u00f1ana de hoy, reportaron un accidente en la carretera libramiento Actopan-Ixmiquilpan, as\u00ed<\/p>\n","protected":false},"author":2,"featured_media":47463,"comment_status":"open","ping_status":"closed","sticky":false,"template":"","format":"standard","meta":{"footnotes":""},"categories":[10],"tags":[],"class_list":{"0":"post-47462","1":"post","2":"type-post","3":"status-publish","4":"format-standard","5":"has-post-thumbnail","7":"category-hidalgo"},"_links":{"self":[{"href":"https:\/\/elreporterohgo.com\/noticias\/wp-json\/wp\/v2\/posts\/47462","targetHints":{"allow":["GET"]}}],"collection":[{"href":"https:\/\/elreporterohgo.com\/noticias\/wp-json\/wp\/v2\/posts"}],"about":[{"href":"https:\/\/elreporterohgo.com\/noticias\/wp-json\/wp\/v2\/types\/post"}],"author":[{"embeddable":true,"href":"https:\/\/elreporterohgo.com\/noticias\/wp-json\/wp\/v2\/users\/2"}],"replies":[{"embeddable":true,"href":"https:\/\/elreporterohgo.com\/noticias\/wp-json\/wp\/v2\/comments?post=47462"}],"version-history":[{"count":1,"href":"https:\/\/elreporterohgo.com\/noticias\/wp-json\/wp\/v2\/posts\/47462\/revisions"}],"predecessor-version":[{"id":47464,"href":"https:\/\/elreporterohgo.com\/noticias\/wp-json\/wp\/v2\/posts\/47462\/revisions\/47464"}],"wp:featuredmedia":[{"embeddable":true,"href":"https:\/\/elreporterohgo.com\/noticias\/wp-json\/wp\/v2\/media\/47463"}],"wp:attachment":[{"href":"https:\/\/elreporterohgo.com\/noticias\/wp-json\/wp\/v2\/media?parent=47462"}],"wp:term":[{"taxonomy":"category","embeddable":true,"href":"https:\/\/elreporterohgo.com\/noticias\/wp-json\/wp\/v2\/categories?post=47462"},{"taxonomy":"post_tag","embeddable":true,"href":"https:\/\/elreporterohgo.com\/noticias\/wp-json\/wp\/v2\/tags?post=47462"}],"curies":[{"name":"wp","href":"https:\/\/api.w.org\/{rel}","templated":true}]}}