{"id":47449,"date":"2022-03-25T11:21:53","date_gmt":"2022-03-25T17:21:53","guid":{"rendered":"https:\/\/elreporterohgo.com\/noticias\/?p=47449"},"modified":"2022-03-25T11:21:54","modified_gmt":"2022-03-25T17:21:54","slug":"banderazo-del-operativo-de-semana-santa-2022","status":"publish","type":"post","link":"https:\/\/elreporterohgo.com\/noticias\/2022\/03\/25\/banderazo-del-operativo-de-semana-santa-2022\/","title":{"rendered":"Banderazo del operativo de Semana Santa 2022"},"content":{"rendered":"\n<figure class=\"wp-block-image\"><img fetchpriority=\"high\" decoding=\"async\" width=\"1024\" height=\"682\" src=\"https::\/\/elreporterohgo.com\/noticias\/wp-content\/uploads\/2022\/03\/unnamed-2022-03-25T111847.457-1024x682.jpg\" alt=\"\" class=\"wp-image-47450\" srcset=\"https:\/\/elreporterohgo.com\/noticias\/wp-content\/uploads\/2022\/03\/unnamed-2022-03-25T111847.457-1024x682.jpg 1024w, https:\/\/elreporterohgo.com\/noticias\/wp-content\/uploads\/2022\/03\/unnamed-2022-03-25T111847.457-300x200.jpg 300w, https:\/\/elreporterohgo.com\/noticias\/wp-content\/uploads\/2022\/03\/unnamed-2022-03-25T111847.457-768x512.jpg 768w, https:\/\/elreporterohgo.com\/noticias\/wp-content\/uploads\/2022\/03\/unnamed-2022-03-25T111847.457.jpg 1280w\" sizes=\"(max-width: 1024px) 100vw, 1024px\" \/><\/figure>\n\n\n\n<figure class=\"wp-block-image\"><img decoding=\"async\" width=\"1024\" height=\"694\" src=\"https::\/\/elreporterohgo.com\/noticias\/wp-content\/uploads\/2022\/03\/unnamed-2022-03-25T111918.612-1024x694.jpg\" alt=\"\" class=\"wp-image-47451\" srcset=\"https:\/\/elreporterohgo.com\/noticias\/wp-content\/uploads\/2022\/03\/unnamed-2022-03-25T111918.612-1024x694.jpg 1024w, https:\/\/elreporterohgo.com\/noticias\/wp-content\/uploads\/2022\/03\/unnamed-2022-03-25T111918.612-300x203.jpg 300w, https:\/\/elreporterohgo.com\/noticias\/wp-content\/uploads\/2022\/03\/unnamed-2022-03-25T111918.612-768x520.jpg 768w, https:\/\/elreporterohgo.com\/noticias\/wp-content\/uploads\/2022\/03\/unnamed-2022-03-25T111918.612.jpg 1594w\" sizes=\"(max-width: 1024px) 100vw, 1024px\" \/><\/figure>\n\n\n\n<ul class=\"wp-block-list\"><li>Ixmiquilpan,\nHgo.- En\nel balneario Dios Padre en Ixmiquilpan, el gobernador de Hidalgo acudi\u00f3 al\nbanderazo de inicio del operativo de Semana Santa 2022.<\/li><\/ul>\n\n\n\n<ul class=\"wp-block-list\"><li>Expres\u00f3 que todas las partes involucradas:\nsociedad, gobierno, asociaciones de balnearios, de hoteles, de restaurantes,\ntransportistas y de quienes brindan servicios tur\u00edsticos; refrendan su vocaci\u00f3n\nde atenci\u00f3n a los miles de visitantes a quienes esperan con los brazos\nabiertos.<\/li><\/ul>\n\n\n\n<ul class=\"wp-block-list\"><li>A dos a\u00f1os complicados por la propagaci\u00f3n de\nCovid-19, la cual propici\u00f3 reducir actividades y extremar precauciones durante\nlos viajes vacacionales; por fin todo el pa\u00eds se encuentra en sem\u00e1foro\nepidemiol\u00f3gico en verde y con ello existen mejores condiciones para las\nactividades tur\u00edsticas.<\/li><\/ul>\n\n\n\n<ul class=\"wp-block-list\"><li>El periodo vacacional de Semana Santa es uno\nde los m\u00e1s importantes en materia tur\u00edstica para Hidalgo porque se ha\nconvertido en un destino recurrente para los vacacionistas de entidades vecinas\ncomo la Ciudad de M\u00e9xico, Puebla, Morelos, Quer\u00e9taro y el Estado de M\u00e9xico, que\nprefieren un trayecto corto.<\/li><\/ul>\n\n\n\n<ul class=\"wp-block-list\"><li>El mandatario refiri\u00f3 que en esta Semana\nSanta prestadores de servicios de la entidad est\u00e1n listos para demostrar que\nHidalgo es un destino seguro para el turismo, y as\u00ed garantizar a sus\nvisitantes: tranquilidad, salud y diversi\u00f3n bajos los protocolos aprobados por\nla Organizaci\u00f3n Panamericana de la Salud y la Organizaci\u00f3n Mundial de la Salud.<\/li><\/ul>\n\n\n\n<ul class=\"wp-block-list\"><li>Las\ninstituciones que participan en este operativo son: \u00c1ngeles Verdes, Secretar\u00eda\nde Seguridad P\u00fablica, Cuerpo de Bomberos, Polic\u00eda Industrial Bancaria, Secretar\u00eda\nde la Defensa Nacional, Guardia Nacional, as\u00ed como los gobiernos estatal y municipales.<\/li><\/ul>\n","protected":false},"excerpt":{"rendered":"<p>Ixmiquilpan, Hgo.- En el balneario Dios Padre en Ixmiquilpan, el gobernador de Hidalgo acudi\u00f3 al banderazo de inicio del operativo de Semana Santa 2022. Expres\u00f3 que todas las partes involucradas: sociedad, gobierno, asociaciones de balnearios, de hoteles, de restaurantes, transportistas y de quienes brindan servicios tur\u00edsticos; refrendan su vocaci\u00f3n de atenci\u00f3n a los miles de<\/p>\n","protected":false},"author":2,"featured_media":47450,"comment_status":"open","ping_status":"closed","sticky":false,"template":"","format":"standard","meta":{"footnotes":""},"categories":[10],"tags":[],"class_list":{"0":"post-47449","1":"post","2":"type-post","3":"status-publish","4":"format-standard","5":"has-post-thumbnail","7":"category-hidalgo"},"_links":{"self":[{"href":"https:\/\/elreporterohgo.com\/noticias\/wp-json\/wp\/v2\/posts\/47449","targetHints":{"allow":["GET"]}}],"collection":[{"href":"https:\/\/elreporterohgo.com\/noticias\/wp-json\/wp\/v2\/posts"}],"about":[{"href":"https:\/\/elreporterohgo.com\/noticias\/wp-json\/wp\/v2\/types\/post"}],"author":[{"embeddable":true,"href":"https:\/\/elreporterohgo.com\/noticias\/wp-json\/wp\/v2\/users\/2"}],"replies":[{"embeddable":true,"href":"https:\/\/elreporterohgo.com\/noticias\/wp-json\/wp\/v2\/comments?post=47449"}],"version-history":[{"count":1,"href":"https:\/\/elreporterohgo.com\/noticias\/wp-json\/wp\/v2\/posts\/47449\/revisions"}],"predecessor-version":[{"id":47452,"href":"https:\/\/elreporterohgo.com\/noticias\/wp-json\/wp\/v2\/posts\/47449\/revisions\/47452"}],"wp:featuredmedia":[{"embeddable":true,"href":"https:\/\/elreporterohgo.com\/noticias\/wp-json\/wp\/v2\/media\/47450"}],"wp:attachment":[{"href":"https:\/\/elreporterohgo.com\/noticias\/wp-json\/wp\/v2\/media?parent=47449"}],"wp:term":[{"taxonomy":"category","embeddable":true,"href":"https:\/\/elreporterohgo.com\/noticias\/wp-json\/wp\/v2\/categories?post=47449"},{"taxonomy":"post_tag","embeddable":true,"href":"https:\/\/elreporterohgo.com\/noticias\/wp-json\/wp\/v2\/tags?post=47449"}],"curies":[{"name":"wp","href":"https:\/\/api.w.org\/{rel}","templated":true}]}}