{"id":47429,"date":"2022-03-24T13:52:50","date_gmt":"2022-03-24T19:52:50","guid":{"rendered":"https:\/\/elreporterohgo.com\/noticias\/?p=47429"},"modified":"2022-03-24T13:52:51","modified_gmt":"2022-03-24T19:52:51","slug":"sera-por-ley-el-derecho-a-utiles-escolares-del-estado-de-hidalgo","status":"publish","type":"post","link":"https:\/\/elreporterohgo.com\/noticias\/2022\/03\/24\/sera-por-ley-el-derecho-a-utiles-escolares-del-estado-de-hidalgo\/","title":{"rendered":"Ser\u00e1 por ley el derecho a \u00fatiles escolares del estado de Hidalgo"},"content":{"rendered":"\n<figure class=\"wp-block-image\"><img fetchpriority=\"high\" decoding=\"async\" width=\"1024\" height=\"719\" src=\"https::\/\/elreporterohgo.com\/noticias\/wp-content\/uploads\/2022\/03\/WhatsApp-Image-2022-03-23-at-3.29.11-PM-1-1024x719.jpeg\" alt=\"\" class=\"wp-image-47430\" srcset=\"https:\/\/elreporterohgo.com\/noticias\/wp-content\/uploads\/2022\/03\/WhatsApp-Image-2022-03-23-at-3.29.11-PM-1-1024x719.jpeg 1024w, https:\/\/elreporterohgo.com\/noticias\/wp-content\/uploads\/2022\/03\/WhatsApp-Image-2022-03-23-at-3.29.11-PM-1-300x211.jpeg 300w, https:\/\/elreporterohgo.com\/noticias\/wp-content\/uploads\/2022\/03\/WhatsApp-Image-2022-03-23-at-3.29.11-PM-1-768x540.jpeg 768w, https:\/\/elreporterohgo.com\/noticias\/wp-content\/uploads\/2022\/03\/WhatsApp-Image-2022-03-23-at-3.29.11-PM-1.jpeg 1600w\" sizes=\"(max-width: 1024px) 100vw, 1024px\" \/><\/figure>\n\n\n\n<p>pachuca, Hgo.- A nombre de los grupos legislativos de MORENA, Partido del Trabajo, Partido Verde Ecologista de Hidalgo y Partido Nueva Alianza de Hidalgo, la diputada Lisset Marcelino present\u00f3 ante el pleno una iniciativa mediante la cual se expide la Ley que establece el derecho a \u00fatiles escolares del Estado de Hidalgo.<\/p>\n\n\n\n<p>Dicho proyecto establece el derecho de las alumnas y alumnos a recibir \u00fatiles y uniformes escolares de la entidad con la intenci\u00f3n de generar un ahorro en la econom\u00eda de las familias hidalguenses y, con ello, asegurar la permanencia de las ni\u00f1as, ni\u00f1os y adolescentes dentro del sistema educativo, combatir la deserci\u00f3n escolar, y reactivar la econom\u00eda local.&nbsp;<\/p>\n\n\n\n<p>Por medio de apoyos econ\u00f3micos el estado entregar\u00e1 para tal efecto, el cual ser\u00e1 depositado a trav\u00e9s de vales electr\u00f3nicos que podr\u00e1n ser canjeados en aquellos establecimientos, negocios, y comercios registrados y autorizados para tales efectos, como lo son: las papeler\u00edas, las tiendas de calzado y de uniformes, entre otros.<\/p>\n\n\n\n<p>Marcelino Tovar, precis\u00f3 \u201cLa iniciativa se considera necesaria para rescatar aquellos sectores que se han visto afectados por la reducci\u00f3n de ingresos que obten\u00edan principalmente por el inicio de ciclo escolar, y de aprobarse habr\u00e1 una reactivaci\u00f3n econ\u00f3mica que se requiere despu\u00e9s de los estragos ocasionados por la pandemia\u201d.<\/p>\n\n\n\n<p>Reunidos los impulsores de la iniciativa con papeleros del estado en el Lobby del Congreso al t\u00e9rmino de la sesi\u00f3n ordinaria, se\u00f1al\u00f3 que luego de padecer por varios a\u00f1os las 3 mil 500 papeleras distribuidas en los 84 municipios del estado, se logr\u00f3 presentar una iniciativa para la reactivaci\u00f3n del comercio local, \u201cgracias a meses de trabajo de los diferentes grupos parlamentarios, se busca reactivar el comercio local, defender\u00e1n la iniciativa para que sea aprobada\u201d, apunt\u00f3.<\/p>\n\n\n\n<p>Finalmente, las organizaciones de papeler\u00edas en pro de comercios locales agradecieron a las y los diputados el apoyo por presentar una iniciativa de ley que desde hace 14 a\u00f1os solicitaron, y de aprobarse ayudar\u00e1 a la econom\u00eda familiar.<br><\/p>\n","protected":false},"excerpt":{"rendered":"<p>pachuca, Hgo.- A nombre de los grupos legislativos de MORENA, Partido del Trabajo, Partido Verde Ecologista de Hidalgo y Partido Nueva Alianza de Hidalgo, la diputada Lisset Marcelino present\u00f3 ante el pleno una iniciativa mediante la cual se expide la Ley que establece el derecho a \u00fatiles escolares del Estado de Hidalgo. Dicho proyecto establece<\/p>\n","protected":false},"author":2,"featured_media":47430,"comment_status":"open","ping_status":"closed","sticky":false,"template":"","format":"standard","meta":{"footnotes":""},"categories":[10],"tags":[],"class_list":{"0":"post-47429","1":"post","2":"type-post","3":"status-publish","4":"format-standard","5":"has-post-thumbnail","7":"category-hidalgo"},"_links":{"self":[{"href":"https:\/\/elreporterohgo.com\/noticias\/wp-json\/wp\/v2\/posts\/47429","targetHints":{"allow":["GET"]}}],"collection":[{"href":"https:\/\/elreporterohgo.com\/noticias\/wp-json\/wp\/v2\/posts"}],"about":[{"href":"https:\/\/elreporterohgo.com\/noticias\/wp-json\/wp\/v2\/types\/post"}],"author":[{"embeddable":true,"href":"https:\/\/elreporterohgo.com\/noticias\/wp-json\/wp\/v2\/users\/2"}],"replies":[{"embeddable":true,"href":"https:\/\/elreporterohgo.com\/noticias\/wp-json\/wp\/v2\/comments?post=47429"}],"version-history":[{"count":1,"href":"https:\/\/elreporterohgo.com\/noticias\/wp-json\/wp\/v2\/posts\/47429\/revisions"}],"predecessor-version":[{"id":47431,"href":"https:\/\/elreporterohgo.com\/noticias\/wp-json\/wp\/v2\/posts\/47429\/revisions\/47431"}],"wp:featuredmedia":[{"embeddable":true,"href":"https:\/\/elreporterohgo.com\/noticias\/wp-json\/wp\/v2\/media\/47430"}],"wp:attachment":[{"href":"https:\/\/elreporterohgo.com\/noticias\/wp-json\/wp\/v2\/media?parent=47429"}],"wp:term":[{"taxonomy":"category","embeddable":true,"href":"https:\/\/elreporterohgo.com\/noticias\/wp-json\/wp\/v2\/categories?post=47429"},{"taxonomy":"post_tag","embeddable":true,"href":"https:\/\/elreporterohgo.com\/noticias\/wp-json\/wp\/v2\/tags?post=47429"}],"curies":[{"name":"wp","href":"https:\/\/api.w.org\/{rel}","templated":true}]}}