{"id":47399,"date":"2022-03-23T08:34:19","date_gmt":"2022-03-23T14:34:19","guid":{"rendered":"https:\/\/elreporterohgo.com\/noticias\/?p=47399"},"modified":"2022-03-23T08:34:20","modified_gmt":"2022-03-23T14:34:20","slug":"iniciativa-para-erradicar-la-discriminacion-de-personas-con-discapacidad","status":"publish","type":"post","link":"https:\/\/elreporterohgo.com\/noticias\/2022\/03\/23\/iniciativa-para-erradicar-la-discriminacion-de-personas-con-discapacidad\/","title":{"rendered":"Iniciativa para erradicar la discriminaci\u00f3n de personas con discapacidad"},"content":{"rendered":"\n<p><strong>PRESENTA COALICI\u00d3N INICIATIVA PARA ERRADICAR LA DISCRIMINACI\u00d3N A PERSONAS CON DISCAPACIDAD.<\/strong><\/p>\n\n\n\n<figure class=\"wp-block-image\"><img fetchpriority=\"high\" decoding=\"async\" width=\"1024\" height=\"683\" src=\"https::\/\/elreporterohgo.com\/noticias\/wp-content\/uploads\/2022\/03\/18.10.2021-Comisi\u00f3n-Instructora-INSTALACI\u00d3N-4-copia-1024x683.jpg\" alt=\"\" class=\"wp-image-47400\" srcset=\"https:\/\/elreporterohgo.com\/noticias\/wp-content\/uploads\/2022\/03\/18.10.2021-Comisi\u00f3n-Instructora-INSTALACI\u00d3N-4-copia-1024x683.jpg 1024w, https:\/\/elreporterohgo.com\/noticias\/wp-content\/uploads\/2022\/03\/18.10.2021-Comisi\u00f3n-Instructora-INSTALACI\u00d3N-4-copia-300x200.jpg 300w, https:\/\/elreporterohgo.com\/noticias\/wp-content\/uploads\/2022\/03\/18.10.2021-Comisi\u00f3n-Instructora-INSTALACI\u00d3N-4-copia-768x512.jpg 768w\" sizes=\"(max-width: 1024px) 100vw, 1024px\" \/><\/figure>\n\n\n\n<p>Durante la sesi\u00f3n ordinaria n\u00famero 39 de la LXV legislatura del Congreso del Estado de Hidalgo los diputados Jorge Hern\u00e1ndez Araus, Octavio Maga\u00f1a, Antonio Hern\u00e1ndez, Osiris Leines y Edgar Hern\u00e1ndez, junto con las legisladoras Tania Valdez, Elvia Sierra y Adelaida Mu\u00f1oz, presentaron la iniciativa con proyecto de decreto que reforma el art\u00edculo 202 bis del c\u00f3digo penal del Estado de Hidalgo, con la finalidad de erradicar la discriminaci\u00f3n, principalmente, contra las personas con discapacidad.&nbsp;<\/p>\n\n\n\n<p>En ese sentido, las y los representantes puntualizaron que el proyecto busca precisar los supuestos del tipo penal de discriminaci\u00f3n para los casos en los cuales se niegue, omita o restrinja la implementaci\u00f3n de un sistema de apoyos o ajustes razonables, medidas generalmente dirigidas hacia las personas con discapacidad, proponiendo la reeducaci\u00f3n del sujeto activo de la conducta a fin de que no se vuelva a repetir.<\/p>\n\n\n\n<p>Asimismo, propone que a los responsables del delito de discriminaci\u00f3n se les impongan penas de uno a tres a\u00f1os de prisi\u00f3n y multas de 150 a 300 veces el valor diario de la Unidad de Medida y Actualizaci\u00f3n.&nbsp;<\/p>\n\n\n\n<p>La discriminaci\u00f3n es un fen\u00f3meno social que vulnera la dignidad, los derechos humanos y las libertades fundamentales de las personas, otorgando un trato de inferioridad a personas o a grupos, a causa de su origen \u00e9tnico o nacional, religi\u00f3n, edad, g\u00e9nero, opiniones, preferencias pol\u00edticas y sexuales, condiciones de salud, discapacidades, estado civil u otra causa.&nbsp;<\/p>\n\n\n\n<p>\u201cEs importante conocer a qu\u00e9 es la discriminaci\u00f3n para reconocerla, denunciarla y frenarla\u201d, subrayaron las y los diputados.<br><\/p>\n","protected":false},"excerpt":{"rendered":"<p>PRESENTA COALICI\u00d3N INICIATIVA PARA ERRADICAR LA DISCRIMINACI\u00d3N A PERSONAS CON DISCAPACIDAD. Durante la sesi\u00f3n ordinaria n\u00famero 39 de la LXV legislatura del Congreso del Estado de Hidalgo los diputados Jorge Hern\u00e1ndez Araus, Octavio Maga\u00f1a, Antonio Hern\u00e1ndez, Osiris Leines y Edgar Hern\u00e1ndez, junto con las legisladoras Tania Valdez, Elvia Sierra y Adelaida Mu\u00f1oz, presentaron la iniciativa<\/p>\n","protected":false},"author":2,"featured_media":47400,"comment_status":"open","ping_status":"closed","sticky":false,"template":"","format":"standard","meta":{"footnotes":""},"categories":[10],"tags":[],"class_list":{"0":"post-47399","1":"post","2":"type-post","3":"status-publish","4":"format-standard","5":"has-post-thumbnail","7":"category-hidalgo"},"_links":{"self":[{"href":"https:\/\/elreporterohgo.com\/noticias\/wp-json\/wp\/v2\/posts\/47399","targetHints":{"allow":["GET"]}}],"collection":[{"href":"https:\/\/elreporterohgo.com\/noticias\/wp-json\/wp\/v2\/posts"}],"about":[{"href":"https:\/\/elreporterohgo.com\/noticias\/wp-json\/wp\/v2\/types\/post"}],"author":[{"embeddable":true,"href":"https:\/\/elreporterohgo.com\/noticias\/wp-json\/wp\/v2\/users\/2"}],"replies":[{"embeddable":true,"href":"https:\/\/elreporterohgo.com\/noticias\/wp-json\/wp\/v2\/comments?post=47399"}],"version-history":[{"count":1,"href":"https:\/\/elreporterohgo.com\/noticias\/wp-json\/wp\/v2\/posts\/47399\/revisions"}],"predecessor-version":[{"id":47401,"href":"https:\/\/elreporterohgo.com\/noticias\/wp-json\/wp\/v2\/posts\/47399\/revisions\/47401"}],"wp:featuredmedia":[{"embeddable":true,"href":"https:\/\/elreporterohgo.com\/noticias\/wp-json\/wp\/v2\/media\/47400"}],"wp:attachment":[{"href":"https:\/\/elreporterohgo.com\/noticias\/wp-json\/wp\/v2\/media?parent=47399"}],"wp:term":[{"taxonomy":"category","embeddable":true,"href":"https:\/\/elreporterohgo.com\/noticias\/wp-json\/wp\/v2\/categories?post=47399"},{"taxonomy":"post_tag","embeddable":true,"href":"https:\/\/elreporterohgo.com\/noticias\/wp-json\/wp\/v2\/tags?post=47399"}],"curies":[{"name":"wp","href":"https:\/\/api.w.org\/{rel}","templated":true}]}}