{"id":47383,"date":"2022-03-22T23:03:06","date_gmt":"2022-03-23T05:03:06","guid":{"rendered":"https:\/\/elreporterohgo.com\/noticias\/?p=47383"},"modified":"2022-03-22T23:03:07","modified_gmt":"2022-03-23T05:03:07","slug":"morena-respalda-a-su-aspirante-a-gobernador","status":"publish","type":"post","link":"https:\/\/elreporterohgo.com\/noticias\/2022\/03\/22\/morena-respalda-a-su-aspirante-a-gobernador\/","title":{"rendered":"Morena respalda a su aspirante a gobernador"},"content":{"rendered":"\n<figure class=\"wp-block-image\"><img fetchpriority=\"high\" decoding=\"async\" width=\"1024\" height=\"388\" src=\"https::\/\/elreporterohgo.com\/noticias\/wp-content\/uploads\/2022\/03\/morena-1024x388.png\" alt=\"\" class=\"wp-image-47384\" srcset=\"https:\/\/elreporterohgo.com\/noticias\/wp-content\/uploads\/2022\/03\/morena-1024x388.png 1024w, https:\/\/elreporterohgo.com\/noticias\/wp-content\/uploads\/2022\/03\/morena-300x114.png 300w, https:\/\/elreporterohgo.com\/noticias\/wp-content\/uploads\/2022\/03\/morena-768x291.png 768w\" sizes=\"(max-width: 1024px) 100vw, 1024px\" \/><\/figure>\n\n\n\n<p>Respetan la decisi\u00f3n de los verdes  <\/p>\n\n\n\n<p><strong>COMUNICADO<\/strong><strong><\/strong><\/p>\n\n\n\n<p>Pachuca de Soto, Hidalgo.- Ante la\nreciente decisi\u00f3n del Partido Verde Ecologista de M\u00e9xico, de separarse de la\ncandidatura com\u00fan \u201cJuntos Hacemos Historia en Hidalgo\u201d para el proceso de\nrenovaci\u00f3n de la gubernatura del estado, desde Morena Hidalgo manifestamos lo\nsiguiente: <\/p>\n\n\n\n<p>Siempre defenderemos\ny respetaremos el derecho de autodeterminaci\u00f3n y auto organizaci\u00f3n de los\npartidos pol\u00edticos, sin embargo, no compartimos la postura del Partido Verde al\ntomar dicha decisi\u00f3n. <\/p>\n\n\n\n<p>Desde Movimiento de\nRegeneraci\u00f3n Nacional Hidalgo reiteramos nuestro respaldo al proyecto\nencabezado por nuestro compa\u00f1ero Julio Menchaca Salazar en su calidad de\naspirante a gobernador, quien representa a las fuerzas pol\u00edticas y ciudadanas\nque pertenecen a la Cuarta Transformaci\u00f3n y promueven la alternancia para nuestra\nentidad.<\/p>\n\n\n\n<p>La transformaci\u00f3n ya\nviene, sigamos organizando la esperanza.<\/p>\n\n\n\n<p><strong>COMIT\u00c9<\/strong><strong> <\/strong><strong>EJECUTIVO<\/strong><strong> <\/strong><strong>ESTATAL<\/strong><strong><\/strong><\/p>\n\n\n\n<p><strong>MORENA<\/strong><strong> <\/strong><strong>HIDALGO<\/strong><strong><\/strong><\/p>\n","protected":false},"excerpt":{"rendered":"<p>Respetan la decisi\u00f3n de los verdes COMUNICADO Pachuca de Soto, Hidalgo.- Ante la reciente decisi\u00f3n del Partido Verde Ecologista de M\u00e9xico, de separarse de la candidatura com\u00fan \u201cJuntos Hacemos Historia en Hidalgo\u201d para el proceso de renovaci\u00f3n de la gubernatura del estado, desde Morena Hidalgo manifestamos lo siguiente: Siempre defenderemos y respetaremos el derecho de<\/p>\n","protected":false},"author":2,"featured_media":47384,"comment_status":"open","ping_status":"closed","sticky":false,"template":"","format":"standard","meta":{"footnotes":""},"categories":[10],"tags":[],"class_list":{"0":"post-47383","1":"post","2":"type-post","3":"status-publish","4":"format-standard","5":"has-post-thumbnail","7":"category-hidalgo"},"_links":{"self":[{"href":"https:\/\/elreporterohgo.com\/noticias\/wp-json\/wp\/v2\/posts\/47383","targetHints":{"allow":["GET"]}}],"collection":[{"href":"https:\/\/elreporterohgo.com\/noticias\/wp-json\/wp\/v2\/posts"}],"about":[{"href":"https:\/\/elreporterohgo.com\/noticias\/wp-json\/wp\/v2\/types\/post"}],"author":[{"embeddable":true,"href":"https:\/\/elreporterohgo.com\/noticias\/wp-json\/wp\/v2\/users\/2"}],"replies":[{"embeddable":true,"href":"https:\/\/elreporterohgo.com\/noticias\/wp-json\/wp\/v2\/comments?post=47383"}],"version-history":[{"count":1,"href":"https:\/\/elreporterohgo.com\/noticias\/wp-json\/wp\/v2\/posts\/47383\/revisions"}],"predecessor-version":[{"id":47385,"href":"https:\/\/elreporterohgo.com\/noticias\/wp-json\/wp\/v2\/posts\/47383\/revisions\/47385"}],"wp:featuredmedia":[{"embeddable":true,"href":"https:\/\/elreporterohgo.com\/noticias\/wp-json\/wp\/v2\/media\/47384"}],"wp:attachment":[{"href":"https:\/\/elreporterohgo.com\/noticias\/wp-json\/wp\/v2\/media?parent=47383"}],"wp:term":[{"taxonomy":"category","embeddable":true,"href":"https:\/\/elreporterohgo.com\/noticias\/wp-json\/wp\/v2\/categories?post=47383"},{"taxonomy":"post_tag","embeddable":true,"href":"https:\/\/elreporterohgo.com\/noticias\/wp-json\/wp\/v2\/tags?post=47383"}],"curies":[{"name":"wp","href":"https:\/\/api.w.org\/{rel}","templated":true}]}}