{"id":47373,"date":"2022-03-22T22:49:33","date_gmt":"2022-03-23T04:49:33","guid":{"rendered":"https:\/\/elreporterohgo.com\/noticias\/?p=47373"},"modified":"2022-03-22T22:52:06","modified_gmt":"2022-03-23T04:52:06","slug":"alcalde-saul-garcia-desatendio-al-pueblo-y-se-unen-en-su-contra","status":"publish","type":"post","link":"https:\/\/elreporterohgo.com\/noticias\/2022\/03\/22\/alcalde-saul-garcia-desatendio-al-pueblo-y-se-unen-en-su-contra\/","title":{"rendered":"Alcalde Sa\u00fal Garc\u00eda desatendi\u00f3 al pueblo y se unen en su contra"},"content":{"rendered":"\n<figure class=\"wp-block-image\"><img fetchpriority=\"high\" decoding=\"async\" width=\"1024\" height=\"768\" src=\"https::\/\/elreporterohgo.com\/noticias\/wp-content\/uploads\/2022\/03\/2fb94aa9-9346-438e-81c3-9abb2a9014d1-1024x768.jpg\" alt=\"\" class=\"wp-image-47374\" srcset=\"https:\/\/elreporterohgo.com\/noticias\/wp-content\/uploads\/2022\/03\/2fb94aa9-9346-438e-81c3-9abb2a9014d1.jpg 1024w, https:\/\/elreporterohgo.com\/noticias\/wp-content\/uploads\/2022\/03\/2fb94aa9-9346-438e-81c3-9abb2a9014d1-300x225.jpg 300w, https:\/\/elreporterohgo.com\/noticias\/wp-content\/uploads\/2022\/03\/2fb94aa9-9346-438e-81c3-9abb2a9014d1-768x576.jpg 768w\" sizes=\"(max-width: 1024px) 100vw, 1024px\" \/><\/figure>\n\n\n\n<p>Otra manifestaci\u00f3n con cientos de personas<\/p>\n\n\n\n<p>Por Juan Sabino Cruz<\/p>\n\n\n\n<p>TLANALAPA, Hgo.- Sa\u00fal Garc\u00eda Ordo\u00f1ez, Presidente Municipal de Tlanalapa, sin duda lleg\u00f3 a la alcald\u00eda con el respaldo de un pueblo que anhelaba un alcalde eficiente, honesto y sobretodo que los escuchara a la gente, lamentablemente, no supo responder a la confianza de su pueblo, adem\u00e1s act\u00faa a espaldas del pueblo.<\/p>\n\n\n\n<p><a href=\"https:s:\/\/www.facebook.com\/2803087639720843\/videos\/5276251725740728\">https:s:\/\/www.facebook.com\/2803087639720843\/videos\/5276251725740728<\/a><\/p>\n\n\n\n<p><a href=\"https:s:\/\/fb.watch\/bWcpvrCXsm\/\">https:s:\/\/fb.watch\/bWcpvrCXsm\/<\/a><\/p>\n\n\n\n<p>En la colonia Alfredo B. Bonfil de Tlanalapa, se ten\u00eda una\neficiente distribuci\u00f3n de agua potable, pero en forma unilateral y a espaldas\nde su cabildo y del propio pueblo, Sa\u00fal Garc\u00eda Ordo\u00f1ez abri\u00f3 las calles para innecesariamente\ncambiar los tubos con un di\u00e1metro m\u00e1s peque\u00f1o y, adem\u00e1s, abri\u00f3 tomas a amplio\npredio.<\/p>\n\n\n\n<p>Presuntamente, tambi\u00e9n ha negado informaci\u00f3n a su cabildo\nque est\u00e1 dividido y ha originado fuertes problemas que unen al pueblo contra el\nalcalde.<\/p>\n\n\n\n<p>Apenas el pasado jueves, se realiz\u00f3 una primera\nmanifestaci\u00f3n, la consigna de poco m\u00e1s de cien personas reunidas fue dar marcha\natr\u00e1s a la obra, quitar los nuevos tubos por ser m\u00e1s peque\u00f1os y reinstalar los\nque estaban, pues daban buen servicio.<\/p>\n\n\n\n<p>Estas acciones han originado que la gente manifestante\nofenda de frente a Sa\u00fal Garc\u00eda, alcalde de Tlanalapa, inclusive a algunos de\nlos regidores que lo apoyaban.<\/p>\n\n\n\n<p>OTRA MANIFESTACI\u00d3N<\/p>\n\n\n\n<p>La tarde de hoy, varios cientos de personas volvieron a\nmanifestarse en la plaza Principal de Tlanalapa, reiteran su exigencia de\nretirar la obra de la colonia Alfredo B, Bonfil, en virtud que nadie la\nsolicito y lo hizo a espaldas del cabildo y del mismo pueblo.<\/p>\n\n\n\n<p>Aunado a lo anterior, ahora exigen cancelar la propuesta de\ncrear un \u00d3rgano Operador del Agua, acci\u00f3n que \u00fanicamente aumentar\u00eda la\nplantilla de trabajadores.<\/p>\n\n\n\n<p>En la manifestaci\u00f3n del d\u00eda de hoy, los inconformes criticaron\nla tibieza de algunos regidores, la falta de capacidad de los encargados de obras\np\u00fablicas entre otros.<\/p>\n\n\n\n<p>Les dejamos a ustedes un video que los hicieron llegar los\napreciados lectores, seguidores y amigos en general de EL REPORTERO.<\/p>\n\n\n\n<p>Sin duda, el alcalde debe rectificar su actuar, su pol\u00edtica\ny quiz\u00e1 hasta equipo de colaboradores para corregir el rumbo de la\nadministraci\u00f3n municipal, pues en caso contrario la ingobernabilidad que se\nmuestra podr\u00eda terminar en la desaparici\u00f3n de poderes y nombrar un Concejo de\nAdministraci\u00f3n Municipal.<\/p>\n","protected":false},"excerpt":{"rendered":"<p>Otra manifestaci\u00f3n con cientos de personas Por Juan Sabino Cruz TLANALAPA, Hgo.- Sa\u00fal Garc\u00eda Ordo\u00f1ez, Presidente Municipal de Tlanalapa, sin duda lleg\u00f3 a la alcald\u00eda con el respaldo de un pueblo que anhelaba un alcalde eficiente, honesto y sobretodo que los escuchara a la gente, lamentablemente, no supo responder a la confianza de su pueblo,<\/p>\n","protected":false},"author":2,"featured_media":47374,"comment_status":"open","ping_status":"closed","sticky":false,"template":"","format":"standard","meta":{"footnotes":""},"categories":[10],"tags":[],"class_list":{"0":"post-47373","1":"post","2":"type-post","3":"status-publish","4":"format-standard","5":"has-post-thumbnail","7":"category-hidalgo"},"_links":{"self":[{"href":"https:\/\/elreporterohgo.com\/noticias\/wp-json\/wp\/v2\/posts\/47373","targetHints":{"allow":["GET"]}}],"collection":[{"href":"https:\/\/elreporterohgo.com\/noticias\/wp-json\/wp\/v2\/posts"}],"about":[{"href":"https:\/\/elreporterohgo.com\/noticias\/wp-json\/wp\/v2\/types\/post"}],"author":[{"embeddable":true,"href":"https:\/\/elreporterohgo.com\/noticias\/wp-json\/wp\/v2\/users\/2"}],"replies":[{"embeddable":true,"href":"https:\/\/elreporterohgo.com\/noticias\/wp-json\/wp\/v2\/comments?post=47373"}],"version-history":[{"count":2,"href":"https:\/\/elreporterohgo.com\/noticias\/wp-json\/wp\/v2\/posts\/47373\/revisions"}],"predecessor-version":[{"id":47376,"href":"https:\/\/elreporterohgo.com\/noticias\/wp-json\/wp\/v2\/posts\/47373\/revisions\/47376"}],"wp:featuredmedia":[{"embeddable":true,"href":"https:\/\/elreporterohgo.com\/noticias\/wp-json\/wp\/v2\/media\/47374"}],"wp:attachment":[{"href":"https:\/\/elreporterohgo.com\/noticias\/wp-json\/wp\/v2\/media?parent=47373"}],"wp:term":[{"taxonomy":"category","embeddable":true,"href":"https:\/\/elreporterohgo.com\/noticias\/wp-json\/wp\/v2\/categories?post=47373"},{"taxonomy":"post_tag","embeddable":true,"href":"https:\/\/elreporterohgo.com\/noticias\/wp-json\/wp\/v2\/tags?post=47373"}],"curies":[{"name":"wp","href":"https:\/\/api.w.org\/{rel}","templated":true}]}}