{"id":47352,"date":"2022-03-21T23:49:41","date_gmt":"2022-03-22T05:49:41","guid":{"rendered":"https:\/\/elreporterohgo.com\/noticias\/?p=47352"},"modified":"2022-03-21T23:49:42","modified_gmt":"2022-03-22T05:49:42","slug":"juntos-hacemos-historia-registra-a-julio-menchaca-como-candidato-a-la-gubernatura-de-hidalgo","status":"publish","type":"post","link":"https:\/\/elreporterohgo.com\/noticias\/2022\/03\/21\/juntos-hacemos-historia-registra-a-julio-menchaca-como-candidato-a-la-gubernatura-de-hidalgo\/","title":{"rendered":"\u201cJuntos hacemos historia\u201d registra a Julio Menchaca como candidato a la gubernatura de Hidalgo"},"content":{"rendered":"\n<p><strong>\u201cJuntos hacemos historia\u201d registra a Julio Menchaca Salazar como\ncandidato a la gubernatura de Hidalgo <\/strong><\/p>\n\n\n\n<figure class=\"wp-block-image\"><img fetchpriority=\"high\" decoding=\"async\" width=\"1024\" height=\"682\" src=\"https::\/\/elreporterohgo.com\/noticias\/wp-content\/uploads\/2022\/03\/27760546-2729-4cf4-80e6-abf586ab1f58-1024x682.jpg\" alt=\"\" class=\"wp-image-47353\" srcset=\"https:\/\/elreporterohgo.com\/noticias\/wp-content\/uploads\/2022\/03\/27760546-2729-4cf4-80e6-abf586ab1f58-1024x682.jpg 1024w, https:\/\/elreporterohgo.com\/noticias\/wp-content\/uploads\/2022\/03\/27760546-2729-4cf4-80e6-abf586ab1f58-300x200.jpg 300w, https:\/\/elreporterohgo.com\/noticias\/wp-content\/uploads\/2022\/03\/27760546-2729-4cf4-80e6-abf586ab1f58-768x512.jpg 768w, https:\/\/elreporterohgo.com\/noticias\/wp-content\/uploads\/2022\/03\/27760546-2729-4cf4-80e6-abf586ab1f58.jpg 1600w\" sizes=\"(max-width: 1024px) 100vw, 1024px\" \/><\/figure>\n\n\n\n<p>Pachuca\nde Soto, Hidalgo.- De manera oficial nuestro partido-movimiento registr\u00f3 al\ncompa\u00f1ero Julio Menchaca Salazar ante el IEEH por la candidatura com\u00fan \u201cJuntos\nHacemos Historia en Hidalgo\u201d, para contender por la gubernatura del estado<\/p>\n\n\n\n<p>Morena,\nNueva Alianza Hidalgo, Partido del Trabajo y Verde Ecologista de M\u00e9xico hicimos\nel registro oficial de la candidatura com\u00fan \u201cJuntos Hacemos Historia\u201d ante el\nInstituto Estatal Electoral de Hidalgo, que postula a Julio Menchaca Salazar\ncomo aspirante a gobernador del estado.<\/p>\n\n\n\n<p>El\nprotocolo se realiz\u00f3 en las instalaciones del IEEH ante m\u00e1s de mil\nsimpatizantes de los cuatro partidos, y en presencia de la consejera presidenta\nAriadna Gonz\u00e1lez Morales; adem\u00e1s de Mario Delgado Carrillo, dirigente nacional\nde Morena; C\u00e9sar Cravioto Romero, delegado de Morena en Hidalgo; Sandra Ord\u00f3\u00f1ez\nP\u00e9rez, presidenta del Comit\u00e9 Ejecutivo Estatal de Morena en Hidalgo; Sergio\nHern\u00e1ndez Hern\u00e1ndez, presidente del Comit\u00e9 Directivo Estatal del Panalh;\nHonorato Rodr\u00edguez Murillo, secretario de organizaci\u00f3n del PVEM; Javier V\u00e1zquez\nCalixto, comisionado del PT en Hidalgo, as\u00ed como Natividad Castrej\u00f3n Valdez,\ncoordinador de los trabajos de campa\u00f1a.<\/p>\n\n\n\n<p>Julio\nMenchaca hizo el uso de la palabra para referir que esta candidatura com\u00fan est\u00e1\narropada por las dirigencias estatales y nacionales de los cuatro partidos\npol\u00edticos. <\/p>\n\n\n\n<p>\u201cHacemos\nentrega formal de la solicitud de registro, a la consideraci\u00f3n de este\ninstituto estatal electoral. Es un compromiso de actuar como siempre lo\nhacemos: con el cumplimiento de la ley y de todas las normas que as\u00ed lo exigen.\nEs nuestro compromiso y estamos cumpliendo\u201d. <\/p>\n\n\n\n<p>Por\nsu parte, Mario Delgado coment\u00f3: \u201cVenimos a hacer el compromiso de que vamos a\nhacer una campa\u00f1a ejemplar, como nos ense\u00f1\u00f3 Andr\u00e9s Manuel L\u00f3pez Obrador. Este\nes un movimiento legal, pac\u00edfico, que busca el cambio por la v\u00eda democr\u00e1tica.\nHaremos una campa\u00f1a basada en la propuesta que va a hacer Julio al estado de\nHidalgo: un gobierno basado en la honestidad. Hoy queda entregado este\nregistro, con el compromiso de que llegar\u00e1 la Cuarta Transformaci\u00f3n a Hidalgo.\u201d<\/p>\n","protected":false},"excerpt":{"rendered":"<p>\u201cJuntos hacemos historia\u201d registra a Julio Menchaca Salazar como candidato a la gubernatura de Hidalgo Pachuca de Soto, Hidalgo.- De manera oficial nuestro partido-movimiento registr\u00f3 al compa\u00f1ero Julio Menchaca Salazar ante el IEEH por la candidatura com\u00fan \u201cJuntos Hacemos Historia en Hidalgo\u201d, para contender por la gubernatura del estado Morena, Nueva Alianza Hidalgo, Partido del<\/p>\n","protected":false},"author":2,"featured_media":47353,"comment_status":"open","ping_status":"closed","sticky":false,"template":"","format":"standard","meta":{"footnotes":""},"categories":[10],"tags":[],"class_list":{"0":"post-47352","1":"post","2":"type-post","3":"status-publish","4":"format-standard","5":"has-post-thumbnail","7":"category-hidalgo"},"_links":{"self":[{"href":"https:\/\/elreporterohgo.com\/noticias\/wp-json\/wp\/v2\/posts\/47352","targetHints":{"allow":["GET"]}}],"collection":[{"href":"https:\/\/elreporterohgo.com\/noticias\/wp-json\/wp\/v2\/posts"}],"about":[{"href":"https:\/\/elreporterohgo.com\/noticias\/wp-json\/wp\/v2\/types\/post"}],"author":[{"embeddable":true,"href":"https:\/\/elreporterohgo.com\/noticias\/wp-json\/wp\/v2\/users\/2"}],"replies":[{"embeddable":true,"href":"https:\/\/elreporterohgo.com\/noticias\/wp-json\/wp\/v2\/comments?post=47352"}],"version-history":[{"count":1,"href":"https:\/\/elreporterohgo.com\/noticias\/wp-json\/wp\/v2\/posts\/47352\/revisions"}],"predecessor-version":[{"id":47354,"href":"https:\/\/elreporterohgo.com\/noticias\/wp-json\/wp\/v2\/posts\/47352\/revisions\/47354"}],"wp:featuredmedia":[{"embeddable":true,"href":"https:\/\/elreporterohgo.com\/noticias\/wp-json\/wp\/v2\/media\/47353"}],"wp:attachment":[{"href":"https:\/\/elreporterohgo.com\/noticias\/wp-json\/wp\/v2\/media?parent=47352"}],"wp:term":[{"taxonomy":"category","embeddable":true,"href":"https:\/\/elreporterohgo.com\/noticias\/wp-json\/wp\/v2\/categories?post=47352"},{"taxonomy":"post_tag","embeddable":true,"href":"https:\/\/elreporterohgo.com\/noticias\/wp-json\/wp\/v2\/tags?post=47352"}],"curies":[{"name":"wp","href":"https:\/\/api.w.org\/{rel}","templated":true}]}}