{"id":47301,"date":"2022-03-19T14:33:32","date_gmt":"2022-03-19T20:33:32","guid":{"rendered":"https:\/\/elreporterohgo.com\/noticias\/?p=47301"},"modified":"2022-03-19T15:27:33","modified_gmt":"2022-03-19T21:27:33","slug":"listos-para-el-registro-de-candidatos","status":"publish","type":"post","link":"https:\/\/elreporterohgo.com\/noticias\/2022\/03\/19\/listos-para-el-registro-de-candidatos\/","title":{"rendered":"Listos para el registro de candidatos"},"content":{"rendered":"\n<figure class=\"wp-block-image\"><img fetchpriority=\"high\" decoding=\"async\" width=\"1024\" height=\"508\" src=\"https::\/\/elreporterohgo.com\/noticias\/wp-content\/uploads\/2022\/03\/estacionamiento-1024x508.png\" alt=\"\" class=\"wp-image-47302\" srcset=\"https:\/\/elreporterohgo.com\/noticias\/wp-content\/uploads\/2022\/03\/estacionamiento-1024x508.png 1024w, https:\/\/elreporterohgo.com\/noticias\/wp-content\/uploads\/2022\/03\/estacionamiento-300x149.png 300w, https:\/\/elreporterohgo.com\/noticias\/wp-content\/uploads\/2022\/03\/estacionamiento-768x381.png 768w, https:\/\/elreporterohgo.com\/noticias\/wp-content\/uploads\/2022\/03\/estacionamiento.png 1914w\" sizes=\"(max-width: 1024px) 100vw, 1024px\" \/><\/figure>\n\n\n\n<table class=\"wp-block-table\"><tbody><tr><td> PACHUCA, Hgo.-   Derivado del periodo de Registro de Candidaturas aplicable para el Proceso   Electoral Local 2021-2022 para la renovaci\u00f3n de la Gubernatura en Hidalgo, el   cual fue establecido del 19 al 23 de marzo, se comparte con ustedes la agenda  de Registro de Candidaturas respecto de la Coalici\u00f3n y Candidatura Com\u00fan  aprobadas por este \u00d3rgano Electoral, as\u00ed como del Partido Pol\u00edtico Movimiento   Ciudadano:<br> \u2022   Candidatura Com\u00fan \u201cJuntos Hacemos Historia en Hidalgo\u201d  Lunes 21<br>de marzo, 18:00 horas<br>\u2022   Coalici\u00f3n \u201cVa Por Hidalgo\u201d Martes 22 de marzo, 17:00 horas<br>\u2022   Partido Pol\u00edtico Movimiento Ciudadano Mi\u00e9rcoles, 10:00 horas.<br>Dichas   actividades se llevar\u00e1n a cabo en las instalaciones del Instituto Estatal   Electoral de Hidalgo, ubicadas en Boulevard Everardo M\u00e1rquez,  Ex-Hacienda de Coscotitl\u00e1n, en la ciudad de Pachuca de Soto.<\/td><\/tr><\/tbody><\/table>\n","protected":false},"excerpt":{"rendered":"<p>PACHUCA, Hgo.- Derivado del periodo de Registro de Candidaturas aplicable para el Proceso Electoral Local 2021-2022 para la renovaci\u00f3n de la Gubernatura en Hidalgo, el cual fue establecido del 19 al 23 de marzo, se comparte con ustedes la agenda de Registro de Candidaturas respecto de la Coalici\u00f3n y Candidatura Com\u00fan aprobadas por este \u00d3rgano<\/p>\n","protected":false},"author":2,"featured_media":47302,"comment_status":"open","ping_status":"closed","sticky":false,"template":"","format":"standard","meta":{"footnotes":""},"categories":[10],"tags":[],"class_list":{"0":"post-47301","1":"post","2":"type-post","3":"status-publish","4":"format-standard","5":"has-post-thumbnail","7":"category-hidalgo"},"_links":{"self":[{"href":"https:\/\/elreporterohgo.com\/noticias\/wp-json\/wp\/v2\/posts\/47301","targetHints":{"allow":["GET"]}}],"collection":[{"href":"https:\/\/elreporterohgo.com\/noticias\/wp-json\/wp\/v2\/posts"}],"about":[{"href":"https:\/\/elreporterohgo.com\/noticias\/wp-json\/wp\/v2\/types\/post"}],"author":[{"embeddable":true,"href":"https:\/\/elreporterohgo.com\/noticias\/wp-json\/wp\/v2\/users\/2"}],"replies":[{"embeddable":true,"href":"https:\/\/elreporterohgo.com\/noticias\/wp-json\/wp\/v2\/comments?post=47301"}],"version-history":[{"count":1,"href":"https:\/\/elreporterohgo.com\/noticias\/wp-json\/wp\/v2\/posts\/47301\/revisions"}],"predecessor-version":[{"id":47303,"href":"https:\/\/elreporterohgo.com\/noticias\/wp-json\/wp\/v2\/posts\/47301\/revisions\/47303"}],"wp:featuredmedia":[{"embeddable":true,"href":"https:\/\/elreporterohgo.com\/noticias\/wp-json\/wp\/v2\/media\/47302"}],"wp:attachment":[{"href":"https:\/\/elreporterohgo.com\/noticias\/wp-json\/wp\/v2\/media?parent=47301"}],"wp:term":[{"taxonomy":"category","embeddable":true,"href":"https:\/\/elreporterohgo.com\/noticias\/wp-json\/wp\/v2\/categories?post=47301"},{"taxonomy":"post_tag","embeddable":true,"href":"https:\/\/elreporterohgo.com\/noticias\/wp-json\/wp\/v2\/tags?post=47301"}],"curies":[{"name":"wp","href":"https:\/\/api.w.org\/{rel}","templated":true}]}}