{"id":47272,"date":"2022-03-18T02:29:40","date_gmt":"2022-03-18T08:29:40","guid":{"rendered":"https:\/\/elreporterohgo.com\/noticias\/?p=47272"},"modified":"2022-03-18T02:29:41","modified_gmt":"2022-03-18T08:29:41","slug":"capturan-a-dos-personas-posiblemente-relacionadas-con-actividades-ilicitas","status":"publish","type":"post","link":"https:\/\/elreporterohgo.com\/noticias\/2022\/03\/18\/capturan-a-dos-personas-posiblemente-relacionadas-con-actividades-ilicitas\/","title":{"rendered":"Capturan a dos personas posiblemente relacionadas con actividades il\u00edcitas"},"content":{"rendered":"\n<figure class=\"wp-block-image\"><img fetchpriority=\"high\" decoding=\"async\" width=\"1024\" height=\"662\" src=\"https::\/\/elreporterohgo.com\/noticias\/wp-content\/uploads\/2022\/03\/carro-2-1024x662.jpg\" alt=\"\" class=\"wp-image-47273\" srcset=\"https:\/\/elreporterohgo.com\/noticias\/wp-content\/uploads\/2022\/03\/carro-2-1024x662.jpg 1024w, https:\/\/elreporterohgo.com\/noticias\/wp-content\/uploads\/2022\/03\/carro-2-300x194.jpg 300w, https:\/\/elreporterohgo.com\/noticias\/wp-content\/uploads\/2022\/03\/carro-2-768x496.jpg 768w, https:\/\/elreporterohgo.com\/noticias\/wp-content\/uploads\/2022\/03\/carro-2.jpg 1566w\" sizes=\"(max-width: 1024px) 100vw, 1024px\" \/><\/figure>\n\n\n\n<p>Tarjeta informativa<\/p>\n\n\n\n<p>Dos personas posiblemente relacionadas con actividades\nil\u00edcitas fueron aseguradas por agentes de la Secretar\u00eda de Seguridad P\u00fablica de\nHidalgo, en acciones por separado, desarrolladas en los municipios de\nTulancingo y Apan.<\/p>\n\n\n\n<p>Inicialmente, en la colonia La Morena del primer municipio,\nun hombre que se identific\u00f3 como J.F.G., de 28 a\u00f1os, fue intervenido en\noperativo policial.<\/p>\n\n\n\n<p>El individuo se desplazaba a bordo de un veh\u00edculo Volkswagen\nBeetle, color rojo, con placas del Estado de M\u00e9xico; se le asegur\u00f3 una pistola\ncalibre .380, con la que qued\u00f3 a disposici\u00f3n de la Fiscal\u00eda General de la Rep\u00fablica.<\/p>\n\n\n\n<p>En la regi\u00f3n del altiplano, mediante tareas de prevenci\u00f3n\ndel delito, agentes de la Polic\u00eda Estatal aseguraron con probable droga a un\nindividuo que se identific\u00f3 como N.P.M., de 45 a\u00f1os.<\/p>\n\n\n\n<p>La persona fue asegurada en un autom\u00f3vil Seat Ibiza, color negro,\ncon placas de Hidalgo, en el Centro de Apan, por lo que fue presentado ante el\nMinisterio P\u00fablico del fuero com\u00fan para las investigaciones en consecuencia.<\/p>\n\n\n\n<p>La Secretar\u00eda de Seguridad P\u00fablica de Hidalgo reitera el\nllamado a la ciudadan\u00eda para contribuir con estas acciones, realizando reportes\nmediante el 911 de Emergencias y\/o al 089 para Denuncia An\u00f3nima.<\/p>\n","protected":false},"excerpt":{"rendered":"<p>Tarjeta informativa Dos personas posiblemente relacionadas con actividades il\u00edcitas fueron aseguradas por agentes de la Secretar\u00eda de Seguridad P\u00fablica de Hidalgo, en acciones por separado, desarrolladas en los municipios de Tulancingo y Apan. Inicialmente, en la colonia La Morena del primer municipio, un hombre que se identific\u00f3 como J.F.G., de 28 a\u00f1os, fue intervenido en<\/p>\n","protected":false},"author":2,"featured_media":47273,"comment_status":"open","ping_status":"closed","sticky":false,"template":"","format":"standard","meta":{"footnotes":""},"categories":[10],"tags":[],"class_list":{"0":"post-47272","1":"post","2":"type-post","3":"status-publish","4":"format-standard","5":"has-post-thumbnail","7":"category-hidalgo"},"_links":{"self":[{"href":"https:\/\/elreporterohgo.com\/noticias\/wp-json\/wp\/v2\/posts\/47272","targetHints":{"allow":["GET"]}}],"collection":[{"href":"https:\/\/elreporterohgo.com\/noticias\/wp-json\/wp\/v2\/posts"}],"about":[{"href":"https:\/\/elreporterohgo.com\/noticias\/wp-json\/wp\/v2\/types\/post"}],"author":[{"embeddable":true,"href":"https:\/\/elreporterohgo.com\/noticias\/wp-json\/wp\/v2\/users\/2"}],"replies":[{"embeddable":true,"href":"https:\/\/elreporterohgo.com\/noticias\/wp-json\/wp\/v2\/comments?post=47272"}],"version-history":[{"count":1,"href":"https:\/\/elreporterohgo.com\/noticias\/wp-json\/wp\/v2\/posts\/47272\/revisions"}],"predecessor-version":[{"id":47274,"href":"https:\/\/elreporterohgo.com\/noticias\/wp-json\/wp\/v2\/posts\/47272\/revisions\/47274"}],"wp:featuredmedia":[{"embeddable":true,"href":"https:\/\/elreporterohgo.com\/noticias\/wp-json\/wp\/v2\/media\/47273"}],"wp:attachment":[{"href":"https:\/\/elreporterohgo.com\/noticias\/wp-json\/wp\/v2\/media?parent=47272"}],"wp:term":[{"taxonomy":"category","embeddable":true,"href":"https:\/\/elreporterohgo.com\/noticias\/wp-json\/wp\/v2\/categories?post=47272"},{"taxonomy":"post_tag","embeddable":true,"href":"https:\/\/elreporterohgo.com\/noticias\/wp-json\/wp\/v2\/tags?post=47272"}],"curies":[{"name":"wp","href":"https:\/\/api.w.org\/{rel}","templated":true}]}}