{"id":47269,"date":"2022-03-18T02:20:21","date_gmt":"2022-03-18T08:20:21","guid":{"rendered":"https:\/\/elreporterohgo.com\/noticias\/?p=47269"},"modified":"2022-03-18T02:20:22","modified_gmt":"2022-03-18T08:20:22","slug":"cancelacion-de-escuelas-de-tiempo-completo-es-un-atentado-a-la-educacion-julio-valera","status":"publish","type":"post","link":"https:\/\/elreporterohgo.com\/noticias\/2022\/03\/18\/cancelacion-de-escuelas-de-tiempo-completo-es-un-atentado-a-la-educacion-julio-valera\/","title":{"rendered":"Cancelaci\u00f3n de escuelas de tiempo completo, es un atentado a la educaci\u00f3n: Julio Valera"},"content":{"rendered":"\n<figure class=\"wp-block-image\"><img fetchpriority=\"high\" decoding=\"async\" width=\"1024\" height=\"733\" src=\"https::\/\/elreporterohgo.com\/noticias\/wp-content\/uploads\/2022\/03\/Foto-2-14-1024x733.jpeg\" alt=\"\" class=\"wp-image-47270\" srcset=\"https:\/\/elreporterohgo.com\/noticias\/wp-content\/uploads\/2022\/03\/Foto-2-14-1024x733.jpeg 1024w, https:\/\/elreporterohgo.com\/noticias\/wp-content\/uploads\/2022\/03\/Foto-2-14-300x215.jpeg 300w, https:\/\/elreporterohgo.com\/noticias\/wp-content\/uploads\/2022\/03\/Foto-2-14-768x550.jpeg 768w, https:\/\/elreporterohgo.com\/noticias\/wp-content\/uploads\/2022\/03\/Foto-2-14.jpeg 1280w\" sizes=\"(max-width: 1024px) 100vw, 1024px\" \/><\/figure>\n\n\n\n<p><em>&#8211; En Hidalgo se ver\u00edan afectados 94 mil alumnas y alumnos de educaci\u00f3n b\u00e1sica.<\/em><\/p>\n\n\n\n<p><em>-El\npresidente del CDE del PRI, se\u00f1al\u00f3 que esto representa un grave riesgo de\ndeserci\u00f3n escolar por falta de oportunidades.<\/em><\/p>\n\n\n\n<p><em>&#8211;<\/em><em>\nEl programa consistia en apoyar a madres solteras y padres de familia\ntrabajadores.<\/em><\/p>\n\n\n\n<p>Pachuca,\nHgo.- Con la desaparici\u00f3n de las Escuelas de\ntiempo completo, se ver\u00e1n afectados alrededor de 94 mil ni\u00f1os y ni\u00f1as de\neducaci\u00f3n b\u00e1sica en el estado de Hidalgo, lo que representa un grave riesgo de deserci\u00f3n\nescolar por falta de oportunidades.<\/p>\n\n\n\n<p>Lo anterior lo dio a conocer Julio\nManuel Valera Piedras, presidente del Comit\u00e9 Directivo Estatal del Partido\nRevolucionario Institucional (PRI), quien recalc\u00f3 que al dejar de operar el\nprograma, 27 mil escuelas de todo el pa\u00eds recibir\u00e1n menos recursos.<\/p>\n\n\n\n<p>\u201cDe esta manera, MORENA afecta el\ndesarrollo acad\u00e9mico y personal de millones de alumnas y alumnos,\nconviertiendose en un atentado a la educaci\u00f3n, ya que deja a 3.6 millones de\nestudiantes, de entre 5 y 14 a\u00f1os de edad en riesgo de no concluir con su\neducaci\u00f3n b\u00e1sica en todo el territorio nacional\u201d.<\/p>\n\n\n\n<p>Explic\u00f3 que este programa consist\u00eda en\napoyar a madres solteras y padres de familia trabajadores, ampliando la jornada\nescolar tres horas y media m\u00e1s, en la que ni\u00f1as y ni\u00f1os pod\u00edan adelantar sus\ntareas, adem\u00e1s de tener una comida gratuita, que en el 65% de los casos era su\nprimer alimento del d\u00eda.<\/p>\n\n\n\n<p>\u201cEn este sentido los m\u00e1s afectados,\ndespu\u00e9s de los estudiantes, ser\u00e1n los padres de familia ya que el 70 por ciento\nde los planteles de este programa, operaban en zonas ind\u00edgenas y rurales;\nmientras que para miles de maestras, maestros y personal directivo,\nrepresentaba mejores oportunidades econ\u00f3micas y laborales\u201d. Manifest\u00f3 Valera\nPiedras.<\/p>\n\n\n\n<p>Cabe se\u00f1alar que MORENA recibi\u00f3 el\nPrograma en el 2018 con una inversi\u00f3n de m\u00e1s de 12 mil millones de pesos para\nsu operaci\u00f3n y hoy en d\u00eda lo han dejado sin un solo centavo, con lo que ser\u00e1\nimposible su operatividad. <\/p>\n\n\n\n<p>Destac\u00f3 que organizaciones civiles\nnacionales e internacionales, han manifestado su preocupaci\u00f3n por la\ndesaparici\u00f3n de este programa, y coinciden en que el gobierno federal est\u00e1\nviolando los derechos y el acceso a la salud y a la educaci\u00f3n de miles de ni\u00f1as\ny ni\u00f1os en todo el pa\u00eds.<\/p>\n\n\n\n<p>Valera Piedras dej\u00f3 en claro que con\nla eliminaci\u00f3n de las Escuelas de tiempo completo los m\u00e1s perjudicados ser\u00e1n los\nalumnos y padres de familia que viven en los municipios con alto grado de\nmarginaci\u00f3n.<\/p>\n","protected":false},"excerpt":{"rendered":"<p>&#8211; En Hidalgo se ver\u00edan afectados 94 mil alumnas y alumnos de educaci\u00f3n b\u00e1sica. -El presidente del CDE del PRI, se\u00f1al\u00f3 que esto representa un grave riesgo de deserci\u00f3n escolar por falta de oportunidades. &#8211; El programa consistia en apoyar a madres solteras y padres de familia trabajadores. Pachuca, Hgo.- Con la desaparici\u00f3n de las<\/p>\n","protected":false},"author":2,"featured_media":47270,"comment_status":"open","ping_status":"closed","sticky":false,"template":"","format":"standard","meta":{"footnotes":""},"categories":[10],"tags":[],"class_list":{"0":"post-47269","1":"post","2":"type-post","3":"status-publish","4":"format-standard","5":"has-post-thumbnail","7":"category-hidalgo"},"_links":{"self":[{"href":"https:\/\/elreporterohgo.com\/noticias\/wp-json\/wp\/v2\/posts\/47269","targetHints":{"allow":["GET"]}}],"collection":[{"href":"https:\/\/elreporterohgo.com\/noticias\/wp-json\/wp\/v2\/posts"}],"about":[{"href":"https:\/\/elreporterohgo.com\/noticias\/wp-json\/wp\/v2\/types\/post"}],"author":[{"embeddable":true,"href":"https:\/\/elreporterohgo.com\/noticias\/wp-json\/wp\/v2\/users\/2"}],"replies":[{"embeddable":true,"href":"https:\/\/elreporterohgo.com\/noticias\/wp-json\/wp\/v2\/comments?post=47269"}],"version-history":[{"count":1,"href":"https:\/\/elreporterohgo.com\/noticias\/wp-json\/wp\/v2\/posts\/47269\/revisions"}],"predecessor-version":[{"id":47271,"href":"https:\/\/elreporterohgo.com\/noticias\/wp-json\/wp\/v2\/posts\/47269\/revisions\/47271"}],"wp:featuredmedia":[{"embeddable":true,"href":"https:\/\/elreporterohgo.com\/noticias\/wp-json\/wp\/v2\/media\/47270"}],"wp:attachment":[{"href":"https:\/\/elreporterohgo.com\/noticias\/wp-json\/wp\/v2\/media?parent=47269"}],"wp:term":[{"taxonomy":"category","embeddable":true,"href":"https:\/\/elreporterohgo.com\/noticias\/wp-json\/wp\/v2\/categories?post=47269"},{"taxonomy":"post_tag","embeddable":true,"href":"https:\/\/elreporterohgo.com\/noticias\/wp-json\/wp\/v2\/tags?post=47269"}],"curies":[{"name":"wp","href":"https:\/\/api.w.org\/{rel}","templated":true}]}}