{"id":47263,"date":"2022-03-18T01:40:11","date_gmt":"2022-03-18T07:40:11","guid":{"rendered":"https:\/\/elreporterohgo.com\/noticias\/?p=47263"},"modified":"2022-03-18T01:40:12","modified_gmt":"2022-03-18T07:40:12","slug":"dirigentes-de-partidos-juntos-hacemos-historia-asistiran-al-registro-de-su-candidato","status":"publish","type":"post","link":"https:\/\/elreporterohgo.com\/noticias\/2022\/03\/18\/dirigentes-de-partidos-juntos-hacemos-historia-asistiran-al-registro-de-su-candidato\/","title":{"rendered":"Dirigentes de partidos \u201cJuntos Hacemos Historia\u201d asistir\u00e1n al registro de su candidato"},"content":{"rendered":"\n<figure class=\"wp-block-image\"><img fetchpriority=\"high\" decoding=\"async\" width=\"1024\" height=\"545\" src=\"https::\/\/elreporterohgo.com\/noticias\/wp-content\/uploads\/2022\/03\/3a14c97d-2f13-4ddf-b3ff-50bd2f6ac3a3-2-1024x545.jpg\" alt=\"\" class=\"wp-image-47264\" srcset=\"https:\/\/elreporterohgo.com\/noticias\/wp-content\/uploads\/2022\/03\/3a14c97d-2f13-4ddf-b3ff-50bd2f6ac3a3-2-1024x545.jpg 1024w, https:\/\/elreporterohgo.com\/noticias\/wp-content\/uploads\/2022\/03\/3a14c97d-2f13-4ddf-b3ff-50bd2f6ac3a3-2-300x160.jpg 300w, https:\/\/elreporterohgo.com\/noticias\/wp-content\/uploads\/2022\/03\/3a14c97d-2f13-4ddf-b3ff-50bd2f6ac3a3-2-768x409.jpg 768w, https:\/\/elreporterohgo.com\/noticias\/wp-content\/uploads\/2022\/03\/3a14c97d-2f13-4ddf-b3ff-50bd2f6ac3a3-2.jpg 1121w\" sizes=\"(max-width: 1024px) 100vw, 1024px\" \/><\/figure>\n\n\n\n<p>Pachuca, Hidalgo.- Los partidos Morena, Nueva Alianza, del Trabajo y Verde Ecologista de M\u00e9xico, que integran la coalici\u00f3n \u201cJuntos Hacemos Historia\u201d, anunciaron a Julio Menchaca Salazar como candidato com\u00fan para contender por la gubernatura del estado de Hidalgo, cuyo registro se llevar\u00e1 a cabo ante el Instituto Estatal Electoral el pr\u00f3ximo lunes 21 de marzo a las 18:00 horas.<\/p>\n\n\n\n<p>As\u00ed lo dieron a conocer en conferencia de prensa Sandra\nOrd\u00f3\u00f1ez P\u00e9rez, presidenta del Comit\u00e9 Ejecutivo Estatal de Morena Hidalgo;\nSergio Hern\u00e1ndez Hern\u00e1ndez, presidente del Comit\u00e9 Directivo Estatal del Partido\nNueva Alianza de Hidalgo; Francisco Le\u00f3n Castillo, representante del Partido\ndel Trabajo en Hidalgo; Honorato Rodr\u00edguez Murillo, secretario de organizaci\u00f3n\ndel Partido Verde Ecologista de M\u00e9xico, y Natividad Castrej\u00f3n Valdez,\ncoordinador general de campa\u00f1a.<\/p>\n\n\n\n<p>Durante su intervenci\u00f3n, Sandra Ord\u00f3\u00f1ez coment\u00f3 que Morena es\nun movimiento incluyente que tiene un proceso democr\u00e1tico muy claro, donde\npredomina la inclusi\u00f3n de las mujeres y el af\u00e1n de trabajar por el bien del\nestado.<\/p>\n\n\n\n<p>\u201cComo est\u00e1 en nuestro acuerdo, realizaremos un solo registro\nen el cual estaremos los representantes de los cuatro partidos\u201d, manifest\u00f3 la\ndirigente estatal, quien adem\u00e1s anunci\u00f3 que para dicho registro se espera la\nvisita del dirigente nacional, Mario Delgado Carrillo.<\/p>\n\n\n\n<p>La y los representantes de los organismos pol\u00edticos\nmanifestaron que el eje fundamental de esta candidatura com\u00fan es la unidad, por\nlo cual se construy\u00f3 una coalici\u00f3n que buscar\u00e1 la alternancia en el gobierno\ndel estado, apostando a la cercan\u00eda con la gente para lograr la alternancia.<\/p>\n\n\n\n<p>Por su parte, Natividad Castrej\u00f3n coment\u00f3 que del total de 2\nmillones 300 mil electores en la entidad, esperan una participaci\u00f3n superior al\n50 por ciento, y que sea un proceso respetuoso, con confrontaci\u00f3n de ideas,\nproyectos y de planes para un mejor estado de Hidalgo.<\/p>\n\n\n\n<p>Asimismo, hizo un llamado para que no se utilicen temas\nsensibles para la sociedad a favor de alg\u00fan partido, adem\u00e1s de recordar que en\nla candidatura com\u00fan, cada partido pol\u00edtico saldr\u00e1 a conquistar sus votos, y el\nd\u00eda de la elecci\u00f3n se sumar\u00e1n al abanderado los n\u00fameros obtenidos por los\ncuatro organismos.<\/p>\n\n\n\n<p>Para finalizar, coment\u00f3 que cuando los tiempos lo indiquen,\nel candidato tendr\u00e1 la oportunidad de convencer, proponer y compartir cu\u00e1l es\nsu perspectiva y cu\u00e1l es el cambio que busca para Hidalgo.<\/p>\n","protected":false},"excerpt":{"rendered":"<p>Pachuca, Hidalgo.- Los partidos Morena, Nueva Alianza, del Trabajo y Verde Ecologista de M\u00e9xico, que integran la coalici\u00f3n \u201cJuntos Hacemos Historia\u201d, anunciaron a Julio Menchaca Salazar como candidato com\u00fan para contender por la gubernatura del estado de Hidalgo, cuyo registro se llevar\u00e1 a cabo ante el Instituto Estatal Electoral el pr\u00f3ximo lunes 21 de marzo<\/p>\n","protected":false},"author":2,"featured_media":47264,"comment_status":"open","ping_status":"closed","sticky":false,"template":"","format":"standard","meta":{"footnotes":""},"categories":[10],"tags":[],"class_list":{"0":"post-47263","1":"post","2":"type-post","3":"status-publish","4":"format-standard","5":"has-post-thumbnail","7":"category-hidalgo"},"_links":{"self":[{"href":"https:\/\/elreporterohgo.com\/noticias\/wp-json\/wp\/v2\/posts\/47263","targetHints":{"allow":["GET"]}}],"collection":[{"href":"https:\/\/elreporterohgo.com\/noticias\/wp-json\/wp\/v2\/posts"}],"about":[{"href":"https:\/\/elreporterohgo.com\/noticias\/wp-json\/wp\/v2\/types\/post"}],"author":[{"embeddable":true,"href":"https:\/\/elreporterohgo.com\/noticias\/wp-json\/wp\/v2\/users\/2"}],"replies":[{"embeddable":true,"href":"https:\/\/elreporterohgo.com\/noticias\/wp-json\/wp\/v2\/comments?post=47263"}],"version-history":[{"count":1,"href":"https:\/\/elreporterohgo.com\/noticias\/wp-json\/wp\/v2\/posts\/47263\/revisions"}],"predecessor-version":[{"id":47265,"href":"https:\/\/elreporterohgo.com\/noticias\/wp-json\/wp\/v2\/posts\/47263\/revisions\/47265"}],"wp:featuredmedia":[{"embeddable":true,"href":"https:\/\/elreporterohgo.com\/noticias\/wp-json\/wp\/v2\/media\/47264"}],"wp:attachment":[{"href":"https:\/\/elreporterohgo.com\/noticias\/wp-json\/wp\/v2\/media?parent=47263"}],"wp:term":[{"taxonomy":"category","embeddable":true,"href":"https:\/\/elreporterohgo.com\/noticias\/wp-json\/wp\/v2\/categories?post=47263"},{"taxonomy":"post_tag","embeddable":true,"href":"https:\/\/elreporterohgo.com\/noticias\/wp-json\/wp\/v2\/tags?post=47263"}],"curies":[{"name":"wp","href":"https:\/\/api.w.org\/{rel}","templated":true}]}}