{"id":47260,"date":"2022-03-18T01:12:36","date_gmt":"2022-03-18T07:12:36","guid":{"rendered":"https:\/\/elreporterohgo.com\/noticias\/?p=47260"},"modified":"2022-03-18T01:12:37","modified_gmt":"2022-03-18T07:12:37","slug":"descarga-administrativa-en-educacion-basica-y-suspencion-de-labores","status":"publish","type":"post","link":"https:\/\/elreporterohgo.com\/noticias\/2022\/03\/18\/descarga-administrativa-en-educacion-basica-y-suspencion-de-labores\/","title":{"rendered":"Descarga administrativa en Educaci\u00f3n b\u00e1sica y suspenci\u00f3n de labores"},"content":{"rendered":"\n<figure class=\"wp-block-image\"><img fetchpriority=\"high\" decoding=\"async\" width=\"1024\" height=\"683\" src=\"https::\/\/elreporterohgo.com\/noticias\/wp-content\/uploads\/2022\/03\/01-13-1024x683.jpg\" alt=\"\" class=\"wp-image-47261\" srcset=\"https:\/\/elreporterohgo.com\/noticias\/wp-content\/uploads\/2022\/03\/01-13-1024x683.jpg 1024w, https:\/\/elreporterohgo.com\/noticias\/wp-content\/uploads\/2022\/03\/01-13-300x200.jpg 300w, https:\/\/elreporterohgo.com\/noticias\/wp-content\/uploads\/2022\/03\/01-13-768x512.jpg 768w, https:\/\/elreporterohgo.com\/noticias\/wp-content\/uploads\/2022\/03\/01-13.jpg 1500w\" sizes=\"(max-width: 1024px) 100vw, 1024px\" \/><figcaption>Suspenci\u00f3n de labores en educaci\u00f3n b\u00e1sica.<br><br><\/figcaption><\/figure>\n\n\n\n<p>Con\nfundamento en el Acuerdo por el que se emiten los calendarios escolares para el\nciclo lectivo 2021-2022, aplicables en toda la Rep\u00fablica Mexicana para la\neducaci\u00f3n preescolar, primaria, secundaria, normal y dem\u00e1s para la formaci\u00f3n de\nmaestros de Educaci\u00f3n B\u00e1sica, este viernes 18 de marzo del a\u00f1o en curso se\nllevar\u00e1 a cabo la Descarga Administrativa.<\/p>\n\n\n\n<ul class=\"wp-block-list\"><li>En\nesta jornada, las y los maestros dedican sus esfuerzos en desarrollar\nactividades que permitan garantizar una evaluaci\u00f3n justa y equitativa, por lo\nque las alumnas y alumnos de Educaci\u00f3n B\u00e1sica, tanto de escuelas p\u00fablicas como\nparticulares, no tendr\u00e1n clases.<\/li><\/ul>\n\n\n\n<p><strong>Lunes 21 de marzo,\nsuspensi\u00f3n de labores<\/strong><\/p>\n\n\n\n<ul class=\"wp-block-list\"><li>Tal\ncomo lo establece el calendario escolar oficial, el pr\u00f3ximo lunes 21 de marzo\nde 2022, d\u00eda feriado, habr\u00e1 suspensi\u00f3n de labores en todos los niveles\neducativos (b\u00e1sico, medio superior y superior). Las actividades acad\u00e9micas se\nretomar\u00e1n el martes 22 de marzo.&nbsp; <\/li><\/ul>\n\n\n\n<ul class=\"wp-block-list\"><li>En\nHidalgo, seg\u00fan cifras proyectadas, el Sistema Educativo Estatal atiende en este\nciclo escolar a 911 mil 167 estudiantes por parte de 51 mil 902 docentes de 6\nmil 845 escuelas.<\/li><\/ul>\n\n\n\n<p><strong>\u201cESTE MATERIAL ES DE CAR\u00c1CTER INFORMATIVO, SE PROH\u00cdBE SU USO PARA\nFINES PARTIDISTAS O POL\u00cdTICO-ELECTORALES\u201d&nbsp;\n<\/strong><\/p>\n","protected":false},"excerpt":{"rendered":"<p>Con fundamento en el Acuerdo por el que se emiten los calendarios escolares para el ciclo lectivo 2021-2022, aplicables en toda la Rep\u00fablica Mexicana para la educaci\u00f3n preescolar, primaria, secundaria, normal y dem\u00e1s para la formaci\u00f3n de maestros de Educaci\u00f3n B\u00e1sica, este viernes 18 de marzo del a\u00f1o en curso se llevar\u00e1 a cabo la<\/p>\n","protected":false},"author":2,"featured_media":47261,"comment_status":"open","ping_status":"closed","sticky":false,"template":"","format":"standard","meta":{"footnotes":""},"categories":[10],"tags":[],"class_list":{"0":"post-47260","1":"post","2":"type-post","3":"status-publish","4":"format-standard","5":"has-post-thumbnail","7":"category-hidalgo"},"_links":{"self":[{"href":"https:\/\/elreporterohgo.com\/noticias\/wp-json\/wp\/v2\/posts\/47260","targetHints":{"allow":["GET"]}}],"collection":[{"href":"https:\/\/elreporterohgo.com\/noticias\/wp-json\/wp\/v2\/posts"}],"about":[{"href":"https:\/\/elreporterohgo.com\/noticias\/wp-json\/wp\/v2\/types\/post"}],"author":[{"embeddable":true,"href":"https:\/\/elreporterohgo.com\/noticias\/wp-json\/wp\/v2\/users\/2"}],"replies":[{"embeddable":true,"href":"https:\/\/elreporterohgo.com\/noticias\/wp-json\/wp\/v2\/comments?post=47260"}],"version-history":[{"count":1,"href":"https:\/\/elreporterohgo.com\/noticias\/wp-json\/wp\/v2\/posts\/47260\/revisions"}],"predecessor-version":[{"id":47262,"href":"https:\/\/elreporterohgo.com\/noticias\/wp-json\/wp\/v2\/posts\/47260\/revisions\/47262"}],"wp:featuredmedia":[{"embeddable":true,"href":"https:\/\/elreporterohgo.com\/noticias\/wp-json\/wp\/v2\/media\/47261"}],"wp:attachment":[{"href":"https:\/\/elreporterohgo.com\/noticias\/wp-json\/wp\/v2\/media?parent=47260"}],"wp:term":[{"taxonomy":"category","embeddable":true,"href":"https:\/\/elreporterohgo.com\/noticias\/wp-json\/wp\/v2\/categories?post=47260"},{"taxonomy":"post_tag","embeddable":true,"href":"https:\/\/elreporterohgo.com\/noticias\/wp-json\/wp\/v2\/tags?post=47260"}],"curies":[{"name":"wp","href":"https:\/\/api.w.org\/{rel}","templated":true}]}}