{"id":47251,"date":"2022-03-17T12:23:34","date_gmt":"2022-03-17T18:23:34","guid":{"rendered":"https:\/\/elreporterohgo.com\/noticias\/?p=47251"},"modified":"2022-03-17T12:23:36","modified_gmt":"2022-03-17T18:23:36","slug":"manifestantes-cierran-presidencia-municipal","status":"publish","type":"post","link":"https:\/\/elreporterohgo.com\/noticias\/2022\/03\/17\/manifestantes-cierran-presidencia-municipal\/","title":{"rendered":"Manifestantes cierran Presidencia Municipal"},"content":{"rendered":"\n<figure class=\"wp-block-image\"><img fetchpriority=\"high\" decoding=\"async\" width=\"1024\" height=\"768\" src=\"https::\/\/elreporterohgo.com\/noticias\/wp-content\/uploads\/2022\/03\/b56f6791-4d74-43cb-ac33-dc03eba310f9-1024x768.jpg\" alt=\"\" class=\"wp-image-47252\" srcset=\"https:\/\/elreporterohgo.com\/noticias\/wp-content\/uploads\/2022\/03\/b56f6791-4d74-43cb-ac33-dc03eba310f9-1024x768.jpg 1024w, https:\/\/elreporterohgo.com\/noticias\/wp-content\/uploads\/2022\/03\/b56f6791-4d74-43cb-ac33-dc03eba310f9-300x225.jpg 300w, https:\/\/elreporterohgo.com\/noticias\/wp-content\/uploads\/2022\/03\/b56f6791-4d74-43cb-ac33-dc03eba310f9-768x576.jpg 768w, https:\/\/elreporterohgo.com\/noticias\/wp-content\/uploads\/2022\/03\/b56f6791-4d74-43cb-ac33-dc03eba310f9.jpg 1032w\" sizes=\"(max-width: 1024px) 100vw, 1024px\" \/><\/figure>\n\n\n\n<figure class=\"wp-block-image\"><img decoding=\"async\" width=\"1024\" height=\"768\" src=\"https::\/\/elreporterohgo.com\/noticias\/wp-content\/uploads\/2022\/03\/64af2bab-b9df-4851-9721-2ba05dd09f7d-1024x768.jpg\" alt=\"\" class=\"wp-image-47253\" srcset=\"https:\/\/elreporterohgo.com\/noticias\/wp-content\/uploads\/2022\/03\/64af2bab-b9df-4851-9721-2ba05dd09f7d-1024x768.jpg 1024w, https:\/\/elreporterohgo.com\/noticias\/wp-content\/uploads\/2022\/03\/64af2bab-b9df-4851-9721-2ba05dd09f7d-300x225.jpg 300w, https:\/\/elreporterohgo.com\/noticias\/wp-content\/uploads\/2022\/03\/64af2bab-b9df-4851-9721-2ba05dd09f7d-768x576.jpg 768w, https:\/\/elreporterohgo.com\/noticias\/wp-content\/uploads\/2022\/03\/64af2bab-b9df-4851-9721-2ba05dd09f7d.jpg 1032w\" sizes=\"(max-width: 1024px) 100vw, 1024px\" \/><\/figure>\n\n\n\n<p>Exigen explicaciones al presidente<\/p>\n\n\n\n<p>Por Juan Sabino Cruz<\/p>\n\n\n\n<p>Tlanalapa, Hgo.- Por lo me3nos medio centenar de personas se\nmanifiestan frente al Palacio Municipal de Tlanalapa, se quejan por la falta de\nagua.<\/p>\n\n\n\n<p>Los vecinos informaron que hace tiempo que carecen de agua potable\nen distintos puntos del municipio, mientras que el alcalde Sa\u00fal Garc\u00eda Ordo\u00f1ez\nse ha dedicado llevar agua a propiedades de sus amistades.<\/p>\n\n\n\n<p>El grupo de\ninconformes explic\u00f3 que ahora se enteran que Garc\u00eda Ordo\u00f1ez, en forma\nunilateral y a espaldas del pueblo entrego los pozos de agua potable a la CAASIM,\nsin siquiera tomar en cuenta a la asamblea municipal.<\/p>\n\n\n\n<p>Por esta raz\u00f3n se manifiestan en estos momentos en espera del\nPresidente Municipal para que rinda una explicaci\u00f3n al pueblo que le deposito\nsu confianza y se siente traicionado.<\/p>\n\n\n\n<p>Mientras llega, en esto momentos ya cerraron las oficinas del\npalacio municipal.<\/p>\n","protected":false},"excerpt":{"rendered":"<p>Exigen explicaciones al presidente Por Juan Sabino Cruz Tlanalapa, Hgo.- Por lo me3nos medio centenar de personas se manifiestan frente al Palacio Municipal de Tlanalapa, se quejan por la falta de agua. Los vecinos informaron que hace tiempo que carecen de agua potable en distintos puntos del municipio, mientras que el alcalde Sa\u00fal Garc\u00eda Ordo\u00f1ez<\/p>\n","protected":false},"author":2,"featured_media":47252,"comment_status":"open","ping_status":"closed","sticky":false,"template":"","format":"standard","meta":{"footnotes":""},"categories":[10],"tags":[],"class_list":{"0":"post-47251","1":"post","2":"type-post","3":"status-publish","4":"format-standard","5":"has-post-thumbnail","7":"category-hidalgo"},"_links":{"self":[{"href":"https:\/\/elreporterohgo.com\/noticias\/wp-json\/wp\/v2\/posts\/47251","targetHints":{"allow":["GET"]}}],"collection":[{"href":"https:\/\/elreporterohgo.com\/noticias\/wp-json\/wp\/v2\/posts"}],"about":[{"href":"https:\/\/elreporterohgo.com\/noticias\/wp-json\/wp\/v2\/types\/post"}],"author":[{"embeddable":true,"href":"https:\/\/elreporterohgo.com\/noticias\/wp-json\/wp\/v2\/users\/2"}],"replies":[{"embeddable":true,"href":"https:\/\/elreporterohgo.com\/noticias\/wp-json\/wp\/v2\/comments?post=47251"}],"version-history":[{"count":1,"href":"https:\/\/elreporterohgo.com\/noticias\/wp-json\/wp\/v2\/posts\/47251\/revisions"}],"predecessor-version":[{"id":47254,"href":"https:\/\/elreporterohgo.com\/noticias\/wp-json\/wp\/v2\/posts\/47251\/revisions\/47254"}],"wp:featuredmedia":[{"embeddable":true,"href":"https:\/\/elreporterohgo.com\/noticias\/wp-json\/wp\/v2\/media\/47252"}],"wp:attachment":[{"href":"https:\/\/elreporterohgo.com\/noticias\/wp-json\/wp\/v2\/media?parent=47251"}],"wp:term":[{"taxonomy":"category","embeddable":true,"href":"https:\/\/elreporterohgo.com\/noticias\/wp-json\/wp\/v2\/categories?post=47251"},{"taxonomy":"post_tag","embeddable":true,"href":"https:\/\/elreporterohgo.com\/noticias\/wp-json\/wp\/v2\/tags?post=47251"}],"curies":[{"name":"wp","href":"https:\/\/api.w.org\/{rel}","templated":true}]}}