{"id":47246,"date":"2022-03-17T10:51:56","date_gmt":"2022-03-17T16:51:56","guid":{"rendered":"https:\/\/elreporterohgo.com\/noticias\/?p=47246"},"modified":"2022-03-17T10:51:56","modified_gmt":"2022-03-17T16:51:56","slug":"division-de-poderes-para-tener-transparencia-en-rendicion-de-cuentas","status":"publish","type":"post","link":"https:\/\/elreporterohgo.com\/noticias\/2022\/03\/17\/division-de-poderes-para-tener-transparencia-en-rendicion-de-cuentas\/","title":{"rendered":"Divisi\u00f3n de poderes para tener transparencia en rendici\u00f3n de cuentas"},"content":{"rendered":"\n<figure class=\"wp-block-image\"><img fetchpriority=\"high\" decoding=\"async\" width=\"686\" height=\"1024\" src=\"https::\/\/elreporterohgo.com\/noticias\/wp-content\/uploads\/2022\/03\/unnamed-686x1024.jpg\" alt=\"\" class=\"wp-image-47247\" srcset=\"https:\/\/elreporterohgo.com\/noticias\/wp-content\/uploads\/2022\/03\/unnamed-686x1024.jpg 686w, https:\/\/elreporterohgo.com\/noticias\/wp-content\/uploads\/2022\/03\/unnamed-201x300.jpg 201w, https:\/\/elreporterohgo.com\/noticias\/wp-content\/uploads\/2022\/03\/unnamed-768x1146.jpg 768w\" sizes=\"(max-width: 686px) 100vw, 686px\" \/><\/figure>\n\n\n\n<p>PACHUCA, Hgo.- Diputados integrantes de la LXV Legislatura\ndel Congreso del Libre y Soberano del Estado de Hidalgo llevaron a cabo la\nSesi\u00f3n Ordinaria 38 dentro del segundo periodo de sesiones.<\/p>\n\n\n\n<p>Ah\u00ed se present\u00f3 la iniciativa con proyecto de decreto para\nreformar la Ley de Presupuesto y Contabilidad Gubernamental del Estado de\nHidalgo, buscando la divisi\u00f3n de poderes para que se contribuya a la\ntransparencia, en la rendici\u00f3n de cuentas hacia los y las Hidalguenses.<\/p>\n\n\n\n<p>La iniciativa fue propuesta e impulsada en conjunto con nueve\ndiputados y el Legislador Osiris Leines, presidente de la Comisi\u00f3n de Hacienda\ny Presupuesto de la actual Legislatura, quien coment\u00f3 que es necesario llevar a\ncabo la rendici\u00f3n de cuentas de manera oportuna en los subejercicios que no\nsean subsanados conforme a la Ley en la materia, a fin de evitar mal uso de los\nrecursos p\u00fablicos, apoyando en el combate contra la corrupci\u00f3n.<\/p>\n\n\n\n<p>\u201cNadie debe ser absoluto, la democracia actual exige\ncontrapesos y equilibrios, l\u00edmites y barreras al ejercicio del poder, con la\nfinalidad de salvaguardar las libertades y derechos de las personas.\u201d Expres\u00f3\nel Legislador. <\/p>\n\n\n\n<p>Dentro de la Constituci\u00f3n Pol\u00edtica del Estado de Hidalgo se\nexpresa que es prioridad legislativa para el primer periodo ordinario de\nsesiones, el an\u00e1lisis y la discusi\u00f3n para posteriormente llevar a cabo la\naprobaci\u00f3n del Paquete Hacendario, que es el conjunto de propuestas que determinar\u00e1n\nlas finanzas p\u00fablicas para el siguiente ejercicio fiscal, y se le da la\nfacultad exclusiva de la aprobaci\u00f3n del presupuesto al Poder Legislativo,\npensado en el equilibrio de la divisi\u00f3n de poderes y en los contrapesos\nnecesarios para la eficacia de la forma de Gobierno representativa, republicana\ny democr\u00e1tica.<\/p>\n\n\n\n<p>En la responsabilidad que tiene el Congreso del Estado de\nHidalgo, como se establece a nivel Federal sobre el presupuesto, se quiere\nprevenir los casos en los cuales se puedan dar subejercicios, ya sea por acci\u00f3n\nu omisi\u00f3n, por los calendarios y\/o la forma de recaudaci\u00f3n, a raz\u00f3n de que si\nlos subejercicios no son subsanados en el tiempo que marca la ley estos queden\na disposici\u00f3n de los programas sociales y de inversi\u00f3n en infraestructura, que el\nCongreso as\u00ed lo haya designado en el Presupuesto de Egresos para el ejercicio\nfiscal en turno.<\/p>\n\n\n\n<p>Osiris Leines, expres\u00f3 que como representantes populares\nfiguran de manera importante en los reg\u00edmenes democr\u00e1ticos, en el que el poder\nque proviene del pueblo es ejercido a trav\u00e9s de las y los legisladores.\n\u201cRepresentar dignamente los intereses del pueblo y defenderlos, dentro del\nmarco legal, la cordura pol\u00edtica y la paz social que Hidalgo necesita\u00bb.<\/p>\n","protected":false},"excerpt":{"rendered":"<p>PACHUCA, Hgo.- Diputados integrantes de la LXV Legislatura del Congreso del Libre y Soberano del Estado de Hidalgo llevaron a cabo la Sesi\u00f3n Ordinaria 38 dentro del segundo periodo de sesiones. Ah\u00ed se present\u00f3 la iniciativa con proyecto de decreto para reformar la Ley de Presupuesto y Contabilidad Gubernamental del Estado de Hidalgo, buscando la<\/p>\n","protected":false},"author":2,"featured_media":47247,"comment_status":"open","ping_status":"closed","sticky":false,"template":"","format":"standard","meta":{"footnotes":""},"categories":[10],"tags":[],"class_list":{"0":"post-47246","1":"post","2":"type-post","3":"status-publish","4":"format-standard","5":"has-post-thumbnail","7":"category-hidalgo"},"_links":{"self":[{"href":"https:\/\/elreporterohgo.com\/noticias\/wp-json\/wp\/v2\/posts\/47246","targetHints":{"allow":["GET"]}}],"collection":[{"href":"https:\/\/elreporterohgo.com\/noticias\/wp-json\/wp\/v2\/posts"}],"about":[{"href":"https:\/\/elreporterohgo.com\/noticias\/wp-json\/wp\/v2\/types\/post"}],"author":[{"embeddable":true,"href":"https:\/\/elreporterohgo.com\/noticias\/wp-json\/wp\/v2\/users\/2"}],"replies":[{"embeddable":true,"href":"https:\/\/elreporterohgo.com\/noticias\/wp-json\/wp\/v2\/comments?post=47246"}],"version-history":[{"count":1,"href":"https:\/\/elreporterohgo.com\/noticias\/wp-json\/wp\/v2\/posts\/47246\/revisions"}],"predecessor-version":[{"id":47248,"href":"https:\/\/elreporterohgo.com\/noticias\/wp-json\/wp\/v2\/posts\/47246\/revisions\/47248"}],"wp:featuredmedia":[{"embeddable":true,"href":"https:\/\/elreporterohgo.com\/noticias\/wp-json\/wp\/v2\/media\/47247"}],"wp:attachment":[{"href":"https:\/\/elreporterohgo.com\/noticias\/wp-json\/wp\/v2\/media?parent=47246"}],"wp:term":[{"taxonomy":"category","embeddable":true,"href":"https:\/\/elreporterohgo.com\/noticias\/wp-json\/wp\/v2\/categories?post=47246"},{"taxonomy":"post_tag","embeddable":true,"href":"https:\/\/elreporterohgo.com\/noticias\/wp-json\/wp\/v2\/tags?post=47246"}],"curies":[{"name":"wp","href":"https:\/\/api.w.org\/{rel}","templated":true}]}}