{"id":47236,"date":"2022-03-16T23:04:21","date_gmt":"2022-03-17T05:04:21","guid":{"rendered":"https:\/\/elreporterohgo.com\/noticias\/?p=47236"},"modified":"2022-03-16T23:04:22","modified_gmt":"2022-03-17T05:04:22","slug":"tula-necesita-atencion-las-24-horas","status":"publish","type":"post","link":"https:\/\/elreporterohgo.com\/noticias\/2022\/03\/16\/tula-necesita-atencion-las-24-horas\/","title":{"rendered":"Tula necesita atenci\u00f3n las 24 horas"},"content":{"rendered":"\n<figure class=\"wp-block-image\"><img fetchpriority=\"high\" decoding=\"async\" width=\"1024\" height=\"683\" src=\"https::\/\/elreporterohgo.com\/noticias\/wp-content\/uploads\/2022\/03\/WhatsApp-Image-2022-03-16-at-8.34.15-AM-1024x683.jpeg\" alt=\"\" class=\"wp-image-47237\" srcset=\"https:\/\/elreporterohgo.com\/noticias\/wp-content\/uploads\/2022\/03\/WhatsApp-Image-2022-03-16-at-8.34.15-AM-1024x683.jpeg 1024w, https:\/\/elreporterohgo.com\/noticias\/wp-content\/uploads\/2022\/03\/WhatsApp-Image-2022-03-16-at-8.34.15-AM-300x200.jpeg 300w, https:\/\/elreporterohgo.com\/noticias\/wp-content\/uploads\/2022\/03\/WhatsApp-Image-2022-03-16-at-8.34.15-AM-768x512.jpeg 768w, https:\/\/elreporterohgo.com\/noticias\/wp-content\/uploads\/2022\/03\/WhatsApp-Image-2022-03-16-at-8.34.15-AM.jpeg 1599w\" sizes=\"(max-width: 1024px) 100vw, 1024px\" \/><\/figure>\n\n\n\n<p>Tula de Allende, Hgo.- Fue en la Sesi\u00f3n Ordinaria No. 38 donde el Legislador de la bancada del PVEM present\u00f3 durante su Posicionamiento la propuesta de crear un comisionado que represente al Gobierno Estatal y Federal para que brinde atenci\u00f3n las 24 horas y que coadyuve las demandas de los damnificados, comerciantes y empresarios que perdieron todo&nbsp; por la cat\u00e1strofe del pasado 6 y 7 de septiembre.<br><\/p>\n\n\n\n<p>Dentro de los temas no resueltos se encuentra que a\u00fan no se han otorgado los cr\u00e9ditos a \u201ctasa 0\u201d por el Instituto Hidalguense de Competitividad Empresarial (IHCE), tampoco se ha brindado apoyo para la rehabilitaci\u00f3n de viviendas por parte de la Comisi\u00f3n Estatal de Viviendas (CEVI), as\u00ed como la reparaci\u00f3n de infraestructura p\u00fablica y la atenci\u00f3n integral por los 3 \u00f3rdenes de gobierno.&nbsp;&nbsp;<br><\/p>\n\n\n\n<p>Para finalizar su posicionamiento Tavo Maga\u00f1a coment\u00f3 que \u201c<em>nosotros somos el estado que brinda agua al Estado de M\u00e9xico, CDMX y Quer\u00e9taro, hemos sido solidarios por mucho tiempo con los estados vecinos, pero \u00bfnosotros donde quedamos?, no hemos recibido un solo gesto de amabilidad.\u201d<\/em><\/p>\n\n\n\n<p><\/p>\n","protected":false},"excerpt":{"rendered":"<p>Tula de Allende, Hgo.- Fue en la Sesi\u00f3n Ordinaria No. 38 donde el Legislador de la bancada del PVEM present\u00f3 durante su Posicionamiento la propuesta de crear un comisionado que represente al Gobierno Estatal y Federal para que brinde atenci\u00f3n las 24 horas y que coadyuve las demandas de los damnificados, comerciantes y empresarios que<\/p>\n","protected":false},"author":2,"featured_media":47237,"comment_status":"open","ping_status":"closed","sticky":false,"template":"","format":"standard","meta":{"footnotes":""},"categories":[10],"tags":[],"class_list":{"0":"post-47236","1":"post","2":"type-post","3":"status-publish","4":"format-standard","5":"has-post-thumbnail","7":"category-hidalgo"},"_links":{"self":[{"href":"https:\/\/elreporterohgo.com\/noticias\/wp-json\/wp\/v2\/posts\/47236","targetHints":{"allow":["GET"]}}],"collection":[{"href":"https:\/\/elreporterohgo.com\/noticias\/wp-json\/wp\/v2\/posts"}],"about":[{"href":"https:\/\/elreporterohgo.com\/noticias\/wp-json\/wp\/v2\/types\/post"}],"author":[{"embeddable":true,"href":"https:\/\/elreporterohgo.com\/noticias\/wp-json\/wp\/v2\/users\/2"}],"replies":[{"embeddable":true,"href":"https:\/\/elreporterohgo.com\/noticias\/wp-json\/wp\/v2\/comments?post=47236"}],"version-history":[{"count":1,"href":"https:\/\/elreporterohgo.com\/noticias\/wp-json\/wp\/v2\/posts\/47236\/revisions"}],"predecessor-version":[{"id":47238,"href":"https:\/\/elreporterohgo.com\/noticias\/wp-json\/wp\/v2\/posts\/47236\/revisions\/47238"}],"wp:featuredmedia":[{"embeddable":true,"href":"https:\/\/elreporterohgo.com\/noticias\/wp-json\/wp\/v2\/media\/47237"}],"wp:attachment":[{"href":"https:\/\/elreporterohgo.com\/noticias\/wp-json\/wp\/v2\/media?parent=47236"}],"wp:term":[{"taxonomy":"category","embeddable":true,"href":"https:\/\/elreporterohgo.com\/noticias\/wp-json\/wp\/v2\/categories?post=47236"},{"taxonomy":"post_tag","embeddable":true,"href":"https:\/\/elreporterohgo.com\/noticias\/wp-json\/wp\/v2\/tags?post=47236"}],"curies":[{"name":"wp","href":"https:\/\/api.w.org\/{rel}","templated":true}]}}