{"id":47228,"date":"2022-03-16T20:57:34","date_gmt":"2022-03-17T02:57:34","guid":{"rendered":"https:\/\/elreporterohgo.com\/noticias\/?p=47228"},"modified":"2022-03-16T20:57:35","modified_gmt":"2022-03-17T02:57:35","slug":"aseguran-a-indocumentados-centroamericanos","status":"publish","type":"post","link":"https:\/\/elreporterohgo.com\/noticias\/2022\/03\/16\/aseguran-a-indocumentados-centroamericanos\/","title":{"rendered":"Aseguran a indocumentados centroamericanos"},"content":{"rendered":"\n<figure class=\"wp-block-image\"><img fetchpriority=\"high\" decoding=\"async\" width=\"997\" height=\"597\" src=\"https::\/\/elreporterohgo.com\/noticias\/wp-content\/uploads\/2022\/03\/26e8a7f3-50b9-4360-8a5c-94d5e8e3258a-2.jpg\" alt=\"\" class=\"wp-image-47229\" srcset=\"https:\/\/elreporterohgo.com\/noticias\/wp-content\/uploads\/2022\/03\/26e8a7f3-50b9-4360-8a5c-94d5e8e3258a-2.jpg 997w, https:\/\/elreporterohgo.com\/noticias\/wp-content\/uploads\/2022\/03\/26e8a7f3-50b9-4360-8a5c-94d5e8e3258a-2-300x180.jpg 300w, https:\/\/elreporterohgo.com\/noticias\/wp-content\/uploads\/2022\/03\/26e8a7f3-50b9-4360-8a5c-94d5e8e3258a-2-768x460.jpg 768w, https:\/\/elreporterohgo.com\/noticias\/wp-content\/uploads\/2022\/03\/26e8a7f3-50b9-4360-8a5c-94d5e8e3258a-2-600x360.jpg 600w\" sizes=\"(max-width: 997px) 100vw, 997px\" \/><\/figure>\n\n\n\n<p>M\u00e1s de treinta hondure\u00f1os ser\u00e1n repatriados<\/p>\n\n\n\n<p>TEPEAPULCO, Hgo.- Un total de treinta indocumentados\ncentroamericanos que ilegalmente se internaron a territorio mexicano y cuando hab\u00edan\navanzado la mitad de su trayecto rumbo al norte del pa\u00eds.<\/p>\n\n\n\n<p>Fuentes cercanas a EL REPORTERO indicaron que,\naproximadamente a las 18 horas de hoy, estaba en operaci\u00f3n el operativo en las\nv\u00edas del tren que cruzan la carretera Ciudad Sahag\u00fan-Emiliano Zapata, a la\naltura de Irolo.<\/p>\n\n\n\n<p>Intervinieron el ferrocarril por el operativo encabezado por\npersonal del Instituto Nacional de Migraci\u00f3n con apoyo de corporaciones\npoliciacas estatales y municipales.<\/p>\n\n\n\n<p>As\u00ed lograron asegurar a 31 indocumentados originarios provenientes\nde Honduras, se cumplir\u00e1 los tr\u00e1mites legales para ser repatriados.<\/p>\n","protected":false},"excerpt":{"rendered":"<p>M\u00e1s de treinta hondure\u00f1os ser\u00e1n repatriados TEPEAPULCO, Hgo.- Un total de treinta indocumentados centroamericanos que ilegalmente se internaron a territorio mexicano y cuando hab\u00edan avanzado la mitad de su trayecto rumbo al norte del pa\u00eds. Fuentes cercanas a EL REPORTERO indicaron que, aproximadamente a las 18 horas de hoy, estaba en operaci\u00f3n el operativo en<\/p>\n","protected":false},"author":2,"featured_media":47229,"comment_status":"open","ping_status":"closed","sticky":false,"template":"","format":"standard","meta":{"footnotes":""},"categories":[10],"tags":[],"class_list":{"0":"post-47228","1":"post","2":"type-post","3":"status-publish","4":"format-standard","5":"has-post-thumbnail","7":"category-hidalgo"},"_links":{"self":[{"href":"https:\/\/elreporterohgo.com\/noticias\/wp-json\/wp\/v2\/posts\/47228","targetHints":{"allow":["GET"]}}],"collection":[{"href":"https:\/\/elreporterohgo.com\/noticias\/wp-json\/wp\/v2\/posts"}],"about":[{"href":"https:\/\/elreporterohgo.com\/noticias\/wp-json\/wp\/v2\/types\/post"}],"author":[{"embeddable":true,"href":"https:\/\/elreporterohgo.com\/noticias\/wp-json\/wp\/v2\/users\/2"}],"replies":[{"embeddable":true,"href":"https:\/\/elreporterohgo.com\/noticias\/wp-json\/wp\/v2\/comments?post=47228"}],"version-history":[{"count":1,"href":"https:\/\/elreporterohgo.com\/noticias\/wp-json\/wp\/v2\/posts\/47228\/revisions"}],"predecessor-version":[{"id":47230,"href":"https:\/\/elreporterohgo.com\/noticias\/wp-json\/wp\/v2\/posts\/47228\/revisions\/47230"}],"wp:featuredmedia":[{"embeddable":true,"href":"https:\/\/elreporterohgo.com\/noticias\/wp-json\/wp\/v2\/media\/47229"}],"wp:attachment":[{"href":"https:\/\/elreporterohgo.com\/noticias\/wp-json\/wp\/v2\/media?parent=47228"}],"wp:term":[{"taxonomy":"category","embeddable":true,"href":"https:\/\/elreporterohgo.com\/noticias\/wp-json\/wp\/v2\/categories?post=47228"},{"taxonomy":"post_tag","embeddable":true,"href":"https:\/\/elreporterohgo.com\/noticias\/wp-json\/wp\/v2\/tags?post=47228"}],"curies":[{"name":"wp","href":"https:\/\/api.w.org\/{rel}","templated":true}]}}