{"id":47188,"date":"2022-03-15T13:30:17","date_gmt":"2022-03-15T19:30:17","guid":{"rendered":"https:\/\/elreporterohgo.com\/noticias\/?p=47188"},"modified":"2022-03-15T13:34:52","modified_gmt":"2022-03-15T19:34:52","slug":"ex-gobernador-el-bronco-fue-llevado-a-prision","status":"publish","type":"post","link":"https:\/\/elreporterohgo.com\/noticias\/2022\/03\/15\/ex-gobernador-el-bronco-fue-llevado-a-prision\/","title":{"rendered":"Ex gobernador \u201cEl Bronco\u201d fue llevado a prisi\u00f3n"},"content":{"rendered":"\n<figure class=\"wp-block-image\"><img fetchpriority=\"high\" decoding=\"async\" width=\"756\" height=\"966\" src=\"https::\/\/elreporterohgo.com\/noticias\/wp-content\/uploads\/2022\/03\/Reuni\u00f3n_con_el_Gobernador_Electo_de_Nuevo_Le\u00f3n_Jaime_Rodr\u00edguez..jpg\" alt=\"\" class=\"wp-image-47189\" srcset=\"https:\/\/elreporterohgo.com\/noticias\/wp-content\/uploads\/2022\/03\/Reuni\u00f3n_con_el_Gobernador_Electo_de_Nuevo_Le\u00f3n_Jaime_Rodr\u00edguez..jpg 756w, https:\/\/elreporterohgo.com\/noticias\/wp-content\/uploads\/2022\/03\/Reuni\u00f3n_con_el_Gobernador_Electo_de_Nuevo_Le\u00f3n_Jaime_Rodr\u00edguez.-235x300.jpg 235w\" sizes=\"(max-width: 756px) 100vw, 756px\" \/><\/figure>\n\n\n\n<p>Pol\u00e9mico ex gobernador de Nuevo Le\u00f3n<\/p>\n\n\n\n<p>Por Juan Sabino Cruz<\/p>\n\n\n\n<p>Nuevo Le\u00f3n, M\u00e9xico.- Jaime Rodr\u00edguez Calder\u00f3n (a) \u201cEl Bronco\u201d,\nex gobernador del estado de Nuevo Le\u00f3n, fue detenido en el municipio de General\nTer\u00e1n, al sur de la ciudad de Monterrey. Ahora est\u00e1 recluido en un penal del municipio\nde&nbsp;Apodaca.<\/p>\n\n\n\n<p>Presuntamente, el carism\u00e1tico ex gobernador independiente del\nestado norte\u00f1o habr\u00eda sido capturado a consecuencia de denuncian penales por presunto\ndesv\u00edo de recursos y las Bronco-firmas.<\/p>\n\n\n\n<p>\u00abEl Bronco\u00bb&nbsp;fue capturado luego de varias\ninvestigaciones por presunto desv\u00edo de recursos y el tema de Bronco firmas.<\/p>\n\n\n\n<p>Rodr\u00edguez Calder\u00f3n se dio a conocer por ser tajante y claro\nen su decir y hacer, sin inclinarse ante el poderoso, as\u00ed como candidato\nindependiente gano la gubernatura de Nuevo le\u00f3n que adem\u00e1s le sirvi\u00f3 de trampol\u00edn\npara alcanzar fama a nivel nacional y ganar simpatizantes por todo el territorio\nde M\u00e9xico.<\/p>\n\n\n\n<p>Esa popularidad quiz\u00e1 lo motivo a participar como candidato\nindependiente a la Presidencia de M\u00e9xico en el a\u00f1o 2018, ah\u00ed debi\u00f3 recolectar\nun mill\u00f3n de firmas para aparecer en las boletas electorales.<\/p>\n\n\n\n<p>\u201cEl bronco\u201d fue acusado de presionar a los trabajadores de su\ngobierno para ayudarlo a conseguir las rubricas en los \u00faltimos d\u00edas de 2017 y\nlos primeros del 2018.<\/p>\n\n\n\n<p>Tambi\u00e9n, Samuel Garc\u00eda, conocido como \u00abEl fosfo fosfo\u00bb, nuevo gobernador de Nuevo Le\u00f3n, inicio denuncias por supuesto desv\u00edo de recursos y, al parecer es el motivo de que el ex mandatario haya pisado la c\u00e1rcel.<\/p>\n","protected":false},"excerpt":{"rendered":"<p>Pol\u00e9mico ex gobernador de Nuevo Le\u00f3n Por Juan Sabino Cruz Nuevo Le\u00f3n, M\u00e9xico.- Jaime Rodr\u00edguez Calder\u00f3n (a) \u201cEl Bronco\u201d, ex gobernador del estado de Nuevo Le\u00f3n, fue detenido en el municipio de General Ter\u00e1n, al sur de la ciudad de Monterrey. Ahora est\u00e1 recluido en un penal del municipio de&nbsp;Apodaca. Presuntamente, el carism\u00e1tico ex gobernador<\/p>\n","protected":false},"author":2,"featured_media":47189,"comment_status":"open","ping_status":"closed","sticky":false,"template":"","format":"standard","meta":{"footnotes":""},"categories":[10],"tags":[],"class_list":{"0":"post-47188","1":"post","2":"type-post","3":"status-publish","4":"format-standard","5":"has-post-thumbnail","7":"category-hidalgo"},"_links":{"self":[{"href":"https:\/\/elreporterohgo.com\/noticias\/wp-json\/wp\/v2\/posts\/47188","targetHints":{"allow":["GET"]}}],"collection":[{"href":"https:\/\/elreporterohgo.com\/noticias\/wp-json\/wp\/v2\/posts"}],"about":[{"href":"https:\/\/elreporterohgo.com\/noticias\/wp-json\/wp\/v2\/types\/post"}],"author":[{"embeddable":true,"href":"https:\/\/elreporterohgo.com\/noticias\/wp-json\/wp\/v2\/users\/2"}],"replies":[{"embeddable":true,"href":"https:\/\/elreporterohgo.com\/noticias\/wp-json\/wp\/v2\/comments?post=47188"}],"version-history":[{"count":2,"href":"https:\/\/elreporterohgo.com\/noticias\/wp-json\/wp\/v2\/posts\/47188\/revisions"}],"predecessor-version":[{"id":47191,"href":"https:\/\/elreporterohgo.com\/noticias\/wp-json\/wp\/v2\/posts\/47188\/revisions\/47191"}],"wp:featuredmedia":[{"embeddable":true,"href":"https:\/\/elreporterohgo.com\/noticias\/wp-json\/wp\/v2\/media\/47189"}],"wp:attachment":[{"href":"https:\/\/elreporterohgo.com\/noticias\/wp-json\/wp\/v2\/media?parent=47188"}],"wp:term":[{"taxonomy":"category","embeddable":true,"href":"https:\/\/elreporterohgo.com\/noticias\/wp-json\/wp\/v2\/categories?post=47188"},{"taxonomy":"post_tag","embeddable":true,"href":"https:\/\/elreporterohgo.com\/noticias\/wp-json\/wp\/v2\/tags?post=47188"}],"curies":[{"name":"wp","href":"https:\/\/api.w.org\/{rel}","templated":true}]}}