{"id":47181,"date":"2022-03-15T09:03:36","date_gmt":"2022-03-15T15:03:36","guid":{"rendered":"https:\/\/elreporterohgo.com\/noticias\/?p=47181"},"modified":"2022-03-15T09:03:37","modified_gmt":"2022-03-15T15:03:37","slug":"robaron-un-trailer-y-recuperaron-la-caja-seca","status":"publish","type":"post","link":"https:\/\/elreporterohgo.com\/noticias\/2022\/03\/15\/robaron-un-trailer-y-recuperaron-la-caja-seca\/","title":{"rendered":"Robaron un tr\u00e1iler y recuperaron la caja seca"},"content":{"rendered":"\n<figure class=\"wp-block-image\"><img fetchpriority=\"high\" decoding=\"async\" width=\"1024\" height=\"465\" src=\"https::\/\/elreporterohgo.com\/noticias\/wp-content\/uploads\/2022\/03\/25502d8a-8198-4719-aeb4-fee52a7abff9-1024x465.jpg\" alt=\"\" class=\"wp-image-47182\" srcset=\"https:\/\/elreporterohgo.com\/noticias\/wp-content\/uploads\/2022\/03\/25502d8a-8198-4719-aeb4-fee52a7abff9-1024x465.jpg 1024w, https:\/\/elreporterohgo.com\/noticias\/wp-content\/uploads\/2022\/03\/25502d8a-8198-4719-aeb4-fee52a7abff9-300x136.jpg 300w, https:\/\/elreporterohgo.com\/noticias\/wp-content\/uploads\/2022\/03\/25502d8a-8198-4719-aeb4-fee52a7abff9-768x348.jpg 768w, https:\/\/elreporterohgo.com\/noticias\/wp-content\/uploads\/2022\/03\/25502d8a-8198-4719-aeb4-fee52a7abff9.jpg 1080w\" sizes=\"(max-width: 1024px) 100vw, 1024px\" \/><\/figure>\n\n\n\n<p>Por Gerardo Sol<\/p>\n\n\n\n<p>APAN, Hgo.- Oficiales de Seguridad Municipal de Apan, la\ntarde de ayer, en r\u00e1pida reacci\u00f3n recuperaron la caja seca de un tr\u00e1iler robado\nen Emiliano Zapata.<\/p>\n\n\n\n<p>En atenci\u00f3n a un reporte del conductor de transporte de carga\ndel Servicio P\u00fablico Federal, elementos de la Direcci\u00f3n de Seguridad P\u00fablica y\nMovilidad Municipal implementaron acciones estrat\u00e9gicas para la b\u00fasqueda y\nlocalizaci\u00f3n de un tracto cami\u00f3n con caja seca que fueron robados en el\nmunicipio de Emiliano Zapata.<\/p>\n\n\n\n<p>Sobre la carretera Emiliano Zapata &#8211; Apan, los elementos de\nSeguridad Municipal de Apan detectaron y aseguraron \u00fanicamente &nbsp;&nbsp;la caja seca del tr\u00e1iler que hab\u00eda sido robada,\nmisma que tiene la leyenda \u201cReyma\u201d.<\/p>\n\n\n\n<p>Tambi\u00e9n localizaron al conductor a quien prestaron auxilio y\natenci\u00f3n como v\u00edctima del hecho.<\/p>\n\n\n\n<p>La caja seca qued\u00f3 asegurada para sus diligencias en\nconsecuencia ante la autoridad competente.<\/p>\n","protected":false},"excerpt":{"rendered":"<p>Por Gerardo Sol APAN, Hgo.- Oficiales de Seguridad Municipal de Apan, la tarde de ayer, en r\u00e1pida reacci\u00f3n recuperaron la caja seca de un tr\u00e1iler robado en Emiliano Zapata. En atenci\u00f3n a un reporte del conductor de transporte de carga del Servicio P\u00fablico Federal, elementos de la Direcci\u00f3n de Seguridad P\u00fablica y Movilidad Municipal implementaron<\/p>\n","protected":false},"author":2,"featured_media":47182,"comment_status":"open","ping_status":"closed","sticky":false,"template":"","format":"standard","meta":{"footnotes":""},"categories":[10],"tags":[],"class_list":{"0":"post-47181","1":"post","2":"type-post","3":"status-publish","4":"format-standard","5":"has-post-thumbnail","7":"category-hidalgo"},"_links":{"self":[{"href":"https:\/\/elreporterohgo.com\/noticias\/wp-json\/wp\/v2\/posts\/47181","targetHints":{"allow":["GET"]}}],"collection":[{"href":"https:\/\/elreporterohgo.com\/noticias\/wp-json\/wp\/v2\/posts"}],"about":[{"href":"https:\/\/elreporterohgo.com\/noticias\/wp-json\/wp\/v2\/types\/post"}],"author":[{"embeddable":true,"href":"https:\/\/elreporterohgo.com\/noticias\/wp-json\/wp\/v2\/users\/2"}],"replies":[{"embeddable":true,"href":"https:\/\/elreporterohgo.com\/noticias\/wp-json\/wp\/v2\/comments?post=47181"}],"version-history":[{"count":1,"href":"https:\/\/elreporterohgo.com\/noticias\/wp-json\/wp\/v2\/posts\/47181\/revisions"}],"predecessor-version":[{"id":47183,"href":"https:\/\/elreporterohgo.com\/noticias\/wp-json\/wp\/v2\/posts\/47181\/revisions\/47183"}],"wp:featuredmedia":[{"embeddable":true,"href":"https:\/\/elreporterohgo.com\/noticias\/wp-json\/wp\/v2\/media\/47182"}],"wp:attachment":[{"href":"https:\/\/elreporterohgo.com\/noticias\/wp-json\/wp\/v2\/media?parent=47181"}],"wp:term":[{"taxonomy":"category","embeddable":true,"href":"https:\/\/elreporterohgo.com\/noticias\/wp-json\/wp\/v2\/categories?post=47181"},{"taxonomy":"post_tag","embeddable":true,"href":"https:\/\/elreporterohgo.com\/noticias\/wp-json\/wp\/v2\/tags?post=47181"}],"curies":[{"name":"wp","href":"https:\/\/api.w.org\/{rel}","templated":true}]}}