{"id":47121,"date":"2022-03-11T23:31:24","date_gmt":"2022-03-12T05:31:24","guid":{"rendered":"https:\/\/elreporterohgo.com\/noticias\/?p=47121"},"modified":"2022-03-11T23:31:26","modified_gmt":"2022-03-12T05:31:26","slug":"ieeh-recibe-a-consejerias-del-ine","status":"publish","type":"post","link":"https:\/\/elreporterohgo.com\/noticias\/2022\/03\/11\/ieeh-recibe-a-consejerias-del-ine\/","title":{"rendered":"IEEH recibe a Consejer\u00edas del INE"},"content":{"rendered":"\n<figure class=\"wp-block-image\"><img fetchpriority=\"high\" decoding=\"async\" width=\"1024\" height=\"683\" src=\"https::\/\/elreporterohgo.com\/noticias\/wp-content\/uploads\/2022\/03\/2022-BE_028_24-1024x683.jpg\" alt=\"\" class=\"wp-image-47122\" srcset=\"https:\/\/elreporterohgo.com\/noticias\/wp-content\/uploads\/2022\/03\/2022-BE_028_24-1024x683.jpg 1024w, https:\/\/elreporterohgo.com\/noticias\/wp-content\/uploads\/2022\/03\/2022-BE_028_24-300x200.jpg 300w, https:\/\/elreporterohgo.com\/noticias\/wp-content\/uploads\/2022\/03\/2022-BE_028_24-768x512.jpg 768w\" sizes=\"(max-width: 1024px) 100vw, 1024px\" \/><\/figure>\n\n\n\n<p>Consejeras y Consejeros Electorales que integran\nel Consejo General del Instituto Estatal Electoral de Hidalgo (IEEH) recibieron\nesta tarde a la Consejera y Consejeros Electorales del Consejo General del\nInstituto Nacional Electoral (INE) Dania Ravel Cuevas, Jos\u00e9 Roberto Ru\u00edz\nSalda\u00f1a y Mart\u00edn Faz Mora y sus equipos de trabajo, quienes adem\u00e1s integran la\nComisi\u00f3n de Vinculaci\u00f3n con los Organismos P\u00fablicos Locales Electorales del\n#INE.<\/p>\n\n\n\n<p>Durante la reuni\u00f3n de trabajo, la\nConsejera y los Consejeros Electorales del INE reconocieron la colegialidad y el\ntrabajo con que esta autoridad electoral se ha manejado durante las \u00faltimas\nsemanas, asimismo destacaron la imagen de solidez que se ha proyectado desde el\n\u00d3rgano Electoral, generando con esto confianza de la ciudadan\u00eda, lo que\nmencionaron, es fundamental durante el desarrollo de un Proceso Electoral.<\/p>\n\n\n\n<p>La Consejera Presidenta Provisional,\nAriadna Gonz\u00e1lez Morales, present\u00f3 los avances del actual Proceso Electoral, y\nreport\u00f3 que m\u00e1s de la mitad de las actividades que contempla el Calendario\nElectoral se han realizado sin contratiempos, detall\u00f3 que luego de la remoci\u00f3n\nde dos Consejer\u00edas Electorales, diversas Comisiones hab\u00edan quedado incompletas,\npor lo que recientemente el Consejo General aprob\u00f3 la reintegraci\u00f3n de las\nmismas, a efecto de dar continuidad a las actividades en tiempo y forma.<\/p>\n\n\n\n<p>Cada Consejera y Consejero Electoral comentaron\nlos avances en los trabajos relacionados con las Comisiones que presiden, as\u00ed\ncomo los proyectos por realizar; por lo que la Consejera Presidenta Provisional\ndio cuenta de los trabajos referentes a la Comisi\u00f3n Permanente de\nAdministraci\u00f3n; laComisi\u00f3n\nPermanente de Derechos Pol\u00edticos Electorales para Pueblos y Comunidades\nInd\u00edgenas; y de la Comisi\u00f3n Temporal de Seguimiento para la implementaci\u00f3n del\nvoto de Personas en Prisi\u00f3n Preventiva.<\/p>\n\n\n\n<p>Por su parte, el Consejero Electoral\nAlfredo Alcal\u00e1 Monta\u00f1o, contextualiz\u00f3 acerca de los avances de la Comisi\u00f3n\nEspecial de Debates; y la Comisi\u00f3n Permanente de Capacitaci\u00f3n Electoral y\nEducaci\u00f3n C\u00edvica. El Consejero Electoral Guillermo Corrales Galv\u00e1n, present\u00f3\nlos avances y trabajos de la Comisi\u00f3n Permanente de Prerrogativas y Partidos\nPol\u00edticos; la Comisi\u00f3n Permanente Jur\u00eddica; y la Comisi\u00f3n Permanente de Radio,\nTelevisi\u00f3n y Prensa.<\/p>\n\n\n\n<p>Por su parte, el Consejero Electoral\nChristian Uziel Garc\u00eda Reyes present\u00f3 la reciente creaci\u00f3n de la Comisi\u00f3n\nEspecial para la Conformaci\u00f3n del Centro de Estudios para la Democracia; los\navances de la Comisi\u00f3n Permanente de Seguimiento al Servicio Profesional\nElectoral Nacional; y de la Comisi\u00f3n Especial del Programa de Resultados\nElectorales Preliminares, donde refiri\u00f3 que se tiene un avance importante, como\nen los materiales entregables para la implementaci\u00f3n del Programa. Por \u00faltimo,\nla Consejera Electoral Miriam Saray Pacheco Mart\u00ednez, present\u00f3 el reporte sobre\nla Comisi\u00f3n Unida de Capacitaci\u00f3n y Organizaci\u00f3n Electoral; la Comisi\u00f3n Permanente\nde Organizaci\u00f3n Electoral; y la Comisi\u00f3n Permanente de Equidad de G\u00e9nero y\nParticipaci\u00f3n Ciudadana.<\/p>\n\n\n\n<p>Tras escuchar los reportes realizados\npor las cinco Consejer\u00edas Electorales del IEEH, la Consejera Electoral del\nConsejo General del INE Dania Paola Ravel, reconoci\u00f3 el trabajo conjunto que\nhan realizado las y los Consejeros Electorales de este \u00f3rgano Administrativo,\nas\u00ed como la coordinaci\u00f3n con que han desarrollado las actividades realizadas en\nconjunto con la Junta Local Ejecutiva del INE en Hidalgo.<\/p>\n\n\n\n<p>En su oportunidad, el Consejero\nElectoral del Consejo General del INE Jos\u00e9 Roberto Ruiz Salda\u00f1a, se sum\u00f3 al\nreconocimiento por la institucionalidad con que el que este Consejo General ha\noperado, e hizo la petici\u00f3n de mantener esta din\u00e1mica de trabajo en beneficio\nde la ciudadan\u00eda.<\/p>\n\n\n\n<p>Finalmente, el Consejero Electoral\nMart\u00edn Faz Mora, celebr\u00f3 la capacidad del Consejo General de rehacerse, afirm\u00f3\nque se enfrentaron retos complicados para el Colegiado, as\u00ed como para la estructura,\nsin embargo, reconoci\u00f3 que la capacidad de recomponerse es muestra de evoluci\u00f3n\ny crecimiento. Solicit\u00f3 a las y los Consejeros Electorales del IEEH que ante el\ncalor pol\u00edtico de una elecci\u00f3n de la naturaleza como la que se vive en Hidalgo,\nhace que algunos aspectos ajenos pretendan incidir de manera directa en el\ndesarrollo de la elecci\u00f3n, por lo que les conmin\u00f3 a mantener la colegialidad y\nunidad que les permitir\u00e1 superar etapas complicadas.<\/p>\n\n\n\n<p>Esta reuni\u00f3n cont\u00f3 tambi\u00e9n con la\npresencia del Vocal Ejecutivo de la Junta Local del INE en Hidalgo, Jos\u00e9 Luis\nAshane Bulos, del Vocal Secretario de la misma, Juan Carlos Mendoza Meza y\nfuncionariado del IEEH.<\/p>\n","protected":false},"excerpt":{"rendered":"<p>Consejeras y Consejeros Electorales que integran el Consejo General del Instituto Estatal Electoral de Hidalgo (IEEH) recibieron esta tarde a la Consejera y Consejeros Electorales del Consejo General del Instituto Nacional Electoral (INE) Dania Ravel Cuevas, Jos\u00e9 Roberto Ru\u00edz Salda\u00f1a y Mart\u00edn Faz Mora y sus equipos de trabajo, quienes adem\u00e1s integran la Comisi\u00f3n de<\/p>\n","protected":false},"author":2,"featured_media":47122,"comment_status":"open","ping_status":"closed","sticky":false,"template":"","format":"standard","meta":{"footnotes":""},"categories":[10],"tags":[],"class_list":{"0":"post-47121","1":"post","2":"type-post","3":"status-publish","4":"format-standard","5":"has-post-thumbnail","7":"category-hidalgo"},"_links":{"self":[{"href":"https:\/\/elreporterohgo.com\/noticias\/wp-json\/wp\/v2\/posts\/47121","targetHints":{"allow":["GET"]}}],"collection":[{"href":"https:\/\/elreporterohgo.com\/noticias\/wp-json\/wp\/v2\/posts"}],"about":[{"href":"https:\/\/elreporterohgo.com\/noticias\/wp-json\/wp\/v2\/types\/post"}],"author":[{"embeddable":true,"href":"https:\/\/elreporterohgo.com\/noticias\/wp-json\/wp\/v2\/users\/2"}],"replies":[{"embeddable":true,"href":"https:\/\/elreporterohgo.com\/noticias\/wp-json\/wp\/v2\/comments?post=47121"}],"version-history":[{"count":1,"href":"https:\/\/elreporterohgo.com\/noticias\/wp-json\/wp\/v2\/posts\/47121\/revisions"}],"predecessor-version":[{"id":47123,"href":"https:\/\/elreporterohgo.com\/noticias\/wp-json\/wp\/v2\/posts\/47121\/revisions\/47123"}],"wp:featuredmedia":[{"embeddable":true,"href":"https:\/\/elreporterohgo.com\/noticias\/wp-json\/wp\/v2\/media\/47122"}],"wp:attachment":[{"href":"https:\/\/elreporterohgo.com\/noticias\/wp-json\/wp\/v2\/media?parent=47121"}],"wp:term":[{"taxonomy":"category","embeddable":true,"href":"https:\/\/elreporterohgo.com\/noticias\/wp-json\/wp\/v2\/categories?post=47121"},{"taxonomy":"post_tag","embeddable":true,"href":"https:\/\/elreporterohgo.com\/noticias\/wp-json\/wp\/v2\/tags?post=47121"}],"curies":[{"name":"wp","href":"https:\/\/api.w.org\/{rel}","templated":true}]}}