{"id":47111,"date":"2022-03-11T20:25:27","date_gmt":"2022-03-12T02:25:27","guid":{"rendered":"https:\/\/elreporterohgo.com\/noticias\/?p=47111"},"modified":"2022-03-11T20:25:29","modified_gmt":"2022-03-12T02:25:29","slug":"avala-pan-candidatura-de-carolina-viggiano","status":"publish","type":"post","link":"https:\/\/elreporterohgo.com\/noticias\/2022\/03\/11\/avala-pan-candidatura-de-carolina-viggiano\/","title":{"rendered":"Avala PAN candidatura de Carolina Viggiano"},"content":{"rendered":"\n<ul class=\"wp-block-list\"><li>La\npol\u00edtica hidalguense agradeci\u00f3 la confianza depositada en su persona para ser\nsu abanderada.<\/li><li>Dijo\nque trabajar\u00e1 con empe\u00f1o y dedicaci\u00f3n para entregar buenos resultados.<\/li><\/ul>\n\n\n\n<p>Como resultado del proceso\ninterno de selecci\u00f3n de candidatura, la Comisi\u00f3n Permanente del Comit\u00e9\nEjecutivo Nacional del Partido Acci\u00f3n Nacional, determin\u00f3 designar a la maestra\nAlma Carolina Viggiano Austria, para que sea su candidata al gobierno del\nestado de Hidalgo para las elecciones del pr\u00f3ximo 5 de junio.<\/p>\n\n\n\n<p>Durante la sesi\u00f3n ordinaria de\nla Comisi\u00f3n Permanente Nacional de ese partido, celebrada en la Ciudad de\nM\u00e9xico, la pol\u00edtica hidalguense agradeci\u00f3 la confianza depositada en su persona\npara ser su candidata.<\/p>\n\n\n\n<p>Dijo que trabajar\u00e1 con empe\u00f1o\ny dedicaci\u00f3n para entregar buenos resultados y responder a los postulados y\nvalores de Acci\u00f3n Nacional, un partido que, subray\u00f3, ha sido parte fundamental\nen la construcci\u00f3n de un M\u00e9xico democr\u00e1tico.<\/p>\n\n\n\n<p>\u201cQuiero agradecer su generosidad y confianza para ser su candidata. Pondr\u00e9 todo mi empe\u00f1o y mi alma entera para entregarles un triunfo, pero sobre todo para enarbolar los valores de Acci\u00f3n Nacional y hacerlo con entusiasmo por este partido que ha sido parte de la construcci\u00f3n democr\u00e1tica de este pa\u00eds\u201d, se\u00f1al\u00f3 ante consejeros nacionales de ese instituto pol\u00edtico.<\/p>\n\n\n\n<figure class=\"wp-block-image\"><img fetchpriority=\"high\" decoding=\"async\" width=\"1024\" height=\"682\" src=\"https::\/\/elreporterohgo.com\/noticias\/wp-content\/uploads\/2022\/03\/Foto-5-1024x682.jpeg\" alt=\"\" class=\"wp-image-47112\" srcset=\"https:\/\/elreporterohgo.com\/noticias\/wp-content\/uploads\/2022\/03\/Foto-5-1024x682.jpeg 1024w, https:\/\/elreporterohgo.com\/noticias\/wp-content\/uploads\/2022\/03\/Foto-5-300x200.jpeg 300w, https:\/\/elreporterohgo.com\/noticias\/wp-content\/uploads\/2022\/03\/Foto-5-768x512.jpeg 768w, https:\/\/elreporterohgo.com\/noticias\/wp-content\/uploads\/2022\/03\/Foto-5.jpeg 1280w\" sizes=\"(max-width: 1024px) 100vw, 1024px\" \/><\/figure>\n","protected":false},"excerpt":{"rendered":"<p>La pol\u00edtica hidalguense agradeci\u00f3 la confianza depositada en su persona para ser su abanderada. Dijo que trabajar\u00e1 con empe\u00f1o y dedicaci\u00f3n para entregar buenos resultados. Como resultado del proceso interno de selecci\u00f3n de candidatura, la Comisi\u00f3n Permanente del Comit\u00e9 Ejecutivo Nacional del Partido Acci\u00f3n Nacional, determin\u00f3 designar a la maestra Alma Carolina Viggiano Austria, para<\/p>\n","protected":false},"author":2,"featured_media":47112,"comment_status":"open","ping_status":"closed","sticky":false,"template":"","format":"standard","meta":{"footnotes":""},"categories":[10],"tags":[],"class_list":{"0":"post-47111","1":"post","2":"type-post","3":"status-publish","4":"format-standard","5":"has-post-thumbnail","7":"category-hidalgo"},"_links":{"self":[{"href":"https:\/\/elreporterohgo.com\/noticias\/wp-json\/wp\/v2\/posts\/47111","targetHints":{"allow":["GET"]}}],"collection":[{"href":"https:\/\/elreporterohgo.com\/noticias\/wp-json\/wp\/v2\/posts"}],"about":[{"href":"https:\/\/elreporterohgo.com\/noticias\/wp-json\/wp\/v2\/types\/post"}],"author":[{"embeddable":true,"href":"https:\/\/elreporterohgo.com\/noticias\/wp-json\/wp\/v2\/users\/2"}],"replies":[{"embeddable":true,"href":"https:\/\/elreporterohgo.com\/noticias\/wp-json\/wp\/v2\/comments?post=47111"}],"version-history":[{"count":1,"href":"https:\/\/elreporterohgo.com\/noticias\/wp-json\/wp\/v2\/posts\/47111\/revisions"}],"predecessor-version":[{"id":47113,"href":"https:\/\/elreporterohgo.com\/noticias\/wp-json\/wp\/v2\/posts\/47111\/revisions\/47113"}],"wp:featuredmedia":[{"embeddable":true,"href":"https:\/\/elreporterohgo.com\/noticias\/wp-json\/wp\/v2\/media\/47112"}],"wp:attachment":[{"href":"https:\/\/elreporterohgo.com\/noticias\/wp-json\/wp\/v2\/media?parent=47111"}],"wp:term":[{"taxonomy":"category","embeddable":true,"href":"https:\/\/elreporterohgo.com\/noticias\/wp-json\/wp\/v2\/categories?post=47111"},{"taxonomy":"post_tag","embeddable":true,"href":"https:\/\/elreporterohgo.com\/noticias\/wp-json\/wp\/v2\/tags?post=47111"}],"curies":[{"name":"wp","href":"https:\/\/api.w.org\/{rel}","templated":true}]}}