{"id":47107,"date":"2022-03-11T20:19:13","date_gmt":"2022-03-12T02:19:13","guid":{"rendered":"https:\/\/elreporterohgo.com\/noticias\/?p=47107"},"modified":"2022-03-11T20:19:15","modified_gmt":"2022-03-12T02:19:15","slug":"primer-triatlon-prevenimss-para-mejorar-la-salud-y-el-bienestar-integral","status":"publish","type":"post","link":"https:\/\/elreporterohgo.com\/noticias\/2022\/03\/11\/primer-triatlon-prevenimss-para-mejorar-la-salud-y-el-bienestar-integral\/","title":{"rendered":"Primer Triatl\u00f3n PrevenIMSS para mejorar la salud y el bienestar integral"},"content":{"rendered":"\n<ul class=\"wp-block-list\"><li><strong>Los d\u00edas 12, 13 y 14 de marzo de 2022 participar\u00e1n las 35 Representaciones estatales del Seguro Social con actividades en unidades de los tres niveles de atenci\u00f3n.<\/strong><\/li><li><strong>El Triatl\u00f3n se compone de tres vertientes: sana alimentaci\u00f3n, actividad f\u00edsica y Chequeo PrevenIMSS.<\/strong><\/li><\/ul>\n\n\n\n<figure class=\"wp-block-image\"><img fetchpriority=\"high\" decoding=\"async\" width=\"1024\" height=\"682\" src=\"https::\/\/elreporterohgo.com\/noticias\/wp-content\/uploads\/2022\/03\/FOTO-2-1024x682.jpg\" alt=\"\" class=\"wp-image-47108\" srcset=\"https:\/\/elreporterohgo.com\/noticias\/wp-content\/uploads\/2022\/03\/FOTO-2-1024x682.jpg 1024w, https:\/\/elreporterohgo.com\/noticias\/wp-content\/uploads\/2022\/03\/FOTO-2-300x200.jpg 300w, https:\/\/elreporterohgo.com\/noticias\/wp-content\/uploads\/2022\/03\/FOTO-2-768x512.jpg 768w, https:\/\/elreporterohgo.com\/noticias\/wp-content\/uploads\/2022\/03\/FOTO-2.jpg 1280w\" sizes=\"(max-width: 1024px) 100vw, 1024px\" \/><\/figure>\n\n\n\n<p>El Instituto Mexicano del Seguro Social (IMSS) llevar\u00e1 a cabo a nivel nacional el primer Triatl\u00f3n PrevenIMSS \u201cBrinca, Corre y Rueda\u201d, del 12 al 14 de marzo de 2022, donde se realizar\u00e1n actividades de educaci\u00f3n, promoci\u00f3n y prevenci\u00f3n de la salud en tres vertientes: alimentaci\u00f3n saludable, activaci\u00f3n f\u00edsica, y Chequeo PrevenIMSS, para poblaci\u00f3n en general.<\/p>\n\n\n\n<p>La directora de Prestaciones M\u00e9dicas del IMSS, doctora C\u00e9lida Duque Molina, refiri\u00f3 que en esta&nbsp;&nbsp;actividad participar\u00e1n las 35 Oficinas de Representaci\u00f3n en los estados con unidades de Primer,&nbsp;&nbsp;Segundo y Tercer nivel de atenci\u00f3n, y la colaboraci\u00f3n de las Unidades Operativas de Prestaciones Sociales Institucionales (UOPSI), para promover un ambiente recreativo y familiar, mediante actividades f\u00edsicas, mejoramiento de la salud y bienestar integral.<\/p>\n\n\n\n<p>Explic\u00f3 que el s\u00e1bado 12 de marzo se iniciar\u00e1 con la promoci\u00f3n del Programa Pierde Kilos, Gana Vida, orientaci\u00f3n alimentaria, difusi\u00f3n de planes de alimentaci\u00f3n, demostraciones gastron\u00f3micas, men\u00fas saludables e informaci\u00f3n de la Estrategia Educativa NutrIMSS.<\/p>\n\n\n\n<figure class=\"wp-block-image\"><img decoding=\"async\" width=\"1024\" height=\"1024\" src=\"https::\/\/elreporterohgo.com\/noticias\/wp-content\/uploads\/2022\/03\/FOTO-1-1024x1024.jpg\" alt=\"\" class=\"wp-image-47109\" srcset=\"https:\/\/elreporterohgo.com\/noticias\/wp-content\/uploads\/2022\/03\/FOTO-1-1024x1024.jpg 1024w, https:\/\/elreporterohgo.com\/noticias\/wp-content\/uploads\/2022\/03\/FOTO-1-150x150.jpg 150w, https:\/\/elreporterohgo.com\/noticias\/wp-content\/uploads\/2022\/03\/FOTO-1-300x300.jpg 300w, https:\/\/elreporterohgo.com\/noticias\/wp-content\/uploads\/2022\/03\/FOTO-1-768x767.jpg 768w, https:\/\/elreporterohgo.com\/noticias\/wp-content\/uploads\/2022\/03\/FOTO-1-160x160.jpg 160w, https:\/\/elreporterohgo.com\/noticias\/wp-content\/uploads\/2022\/03\/FOTO-1.jpg 1280w\" sizes=\"(max-width: 1024px) 100vw, 1024px\" \/><\/figure>\n\n\n\n<p>Duque Molina indic\u00f3 que el domingo 13 habr\u00e1 tres actividades f\u00edsicas, \u201cCorre, Brinca y Rueda\u201d, acciones deportivas donde los participantes realizar\u00e1n un circuito que abarcar\u00e1 diversas din\u00e1micas, de acuerdo con su edad, sexo y condici\u00f3n f\u00edsica.<\/p>\n\n\n\n<p>Detall\u00f3 que dentro del componente \u201cCorre\u201d se realizar\u00e1n caminatas, trote y partidos de futbol; en el apartado \u201cBrinca\u201d se dar\u00e1n clases de zumba, aerobics\/step y baile; en tanto, en la actividad \u201cRueda\u201d habr\u00e1 paseo ciclista individual, familiar y spinning.<\/p>\n\n\n\n<p>La directora de Prestaciones M\u00e9dicas agreg\u00f3 que el lunes 14 de marzo se intensificar\u00e1n las acciones de autocuidado para conservar la salud, prevenir y controlar padecimientos cr\u00f3nico-degenerativos, adem\u00e1s de fomentar la detecci\u00f3n y prevenci\u00f3n de enfermedades a trav\u00e9s del Chequeo PrevenIMSS&nbsp;&nbsp;y CHKT en L\u00ednea.<\/p>\n\n\n\n<p>Por su parte, el doctor Manuel Cervantes Ocampo, Coordinador de Atenci\u00f3n a la Salud en el Primer Nivel, se\u00f1al\u00f3 que estas acciones son jornadas masivas-intensivas de Chequeos PrevenIMSS y uso de CHKT en L\u00ednea en las unidades m\u00e9dicas de Primer Nivel, y tambi\u00e9n participa Segundo y Tercero en cuanto a la promoci\u00f3n de herramientas para mejorar la salud y el bienestar integral.<\/p>\n\n\n\n<p>Expuso que el Triatl\u00f3n \u201cBrinca, Corre y Rueda\u201d se organiza en el marco del lanzamiento del PrevenIMSS Revalorizado, para promover una mejor calidad de vida y un estado de bienestar, en un ambiente familiar a trav\u00e9s de actividades f\u00edsicas recreativas, continuidad a los programas de educaci\u00f3n, promoci\u00f3n de la salud y prevenci\u00f3n de enfermedades.<\/p>\n\n\n\n<p>Invit\u00f3 a la poblaci\u00f3n a acudir en compa\u00f1\u00eda de familiares y amigos a estos eventos, donde expertos del Instituto fomentar\u00e1n el cuidado de la salud, la sana alimentaci\u00f3n y el ejercicio como parte de la rutina diaria.<\/p>\n\n\n\n<p>El doctor Manuel Cervantes recomend\u00f3 a las personas que participar\u00e1n en las activaciones f\u00edsicas utilizar ropa y calzado c\u00f3modo, desayunar previamente y contar con un recipiente con agua para hidratarse durante el evento.<\/p>\n\n\n\n<p>Durante las actividades que se tiene programadas se aplicar\u00e1n&nbsp;&nbsp;las medidas sanitarias y de protecci\u00f3n para evitar contagios de COVID-19, entre ellas, higiene frecuente de manos, uso de cubrebocas y sana distancia.<\/p>\n\n\n\n<p>En caso de requerir mayor informaci\u00f3n, se debe acudir a su unidad m\u00e9dica m\u00e1s cercana, seguir las redes sociales oficiales del Instituto o revisar el portal del IMSS en el apartado de Salud en L\u00ednea, a trav\u00e9s de la p\u00e1gina electr\u00f3nica\u00a0<a rel=\"noreferrer noopener\" href=\"https::\/\/www.imss.gob.mx\/salud-en-linea\" target=\"_blank\">www.imss.gob.mx\/salud-en-linea<\/a>, en donde adem\u00e1s se podr\u00e1n encontrar recomendaciones para el cuidado de la salud.<\/p>\n\n\n\n<p><br><\/p>\n","protected":false},"excerpt":{"rendered":"<p>Los d\u00edas 12, 13 y 14 de marzo de 2022 participar\u00e1n las 35 Representaciones estatales del Seguro Social con actividades en unidades de los tres niveles de atenci\u00f3n. El Triatl\u00f3n se compone de tres vertientes: sana alimentaci\u00f3n, actividad f\u00edsica y Chequeo PrevenIMSS. El Instituto Mexicano del Seguro Social (IMSS) llevar\u00e1 a cabo a nivel nacional<\/p>\n","protected":false},"author":2,"featured_media":47108,"comment_status":"open","ping_status":"closed","sticky":false,"template":"","format":"standard","meta":{"footnotes":""},"categories":[10],"tags":[],"class_list":{"0":"post-47107","1":"post","2":"type-post","3":"status-publish","4":"format-standard","5":"has-post-thumbnail","7":"category-hidalgo"},"_links":{"self":[{"href":"https:\/\/elreporterohgo.com\/noticias\/wp-json\/wp\/v2\/posts\/47107","targetHints":{"allow":["GET"]}}],"collection":[{"href":"https:\/\/elreporterohgo.com\/noticias\/wp-json\/wp\/v2\/posts"}],"about":[{"href":"https:\/\/elreporterohgo.com\/noticias\/wp-json\/wp\/v2\/types\/post"}],"author":[{"embeddable":true,"href":"https:\/\/elreporterohgo.com\/noticias\/wp-json\/wp\/v2\/users\/2"}],"replies":[{"embeddable":true,"href":"https:\/\/elreporterohgo.com\/noticias\/wp-json\/wp\/v2\/comments?post=47107"}],"version-history":[{"count":1,"href":"https:\/\/elreporterohgo.com\/noticias\/wp-json\/wp\/v2\/posts\/47107\/revisions"}],"predecessor-version":[{"id":47110,"href":"https:\/\/elreporterohgo.com\/noticias\/wp-json\/wp\/v2\/posts\/47107\/revisions\/47110"}],"wp:featuredmedia":[{"embeddable":true,"href":"https:\/\/elreporterohgo.com\/noticias\/wp-json\/wp\/v2\/media\/47108"}],"wp:attachment":[{"href":"https:\/\/elreporterohgo.com\/noticias\/wp-json\/wp\/v2\/media?parent=47107"}],"wp:term":[{"taxonomy":"category","embeddable":true,"href":"https:\/\/elreporterohgo.com\/noticias\/wp-json\/wp\/v2\/categories?post=47107"},{"taxonomy":"post_tag","embeddable":true,"href":"https:\/\/elreporterohgo.com\/noticias\/wp-json\/wp\/v2\/tags?post=47107"}],"curies":[{"name":"wp","href":"https:\/\/api.w.org\/{rel}","templated":true}]}}