{"id":47087,"date":"2022-03-10T23:44:32","date_gmt":"2022-03-11T05:44:32","guid":{"rendered":"https:\/\/elreporterohgo.com\/noticias\/?p=47087"},"modified":"2022-03-10T23:44:33","modified_gmt":"2022-03-11T05:44:33","slug":"nombramiento-de-secretaria-de-accion-indigena","status":"publish","type":"post","link":"https:\/\/elreporterohgo.com\/noticias\/2022\/03\/10\/nombramiento-de-secretaria-de-accion-indigena\/","title":{"rendered":"Nombramiento de Secretar\u00eda de Acci\u00f3n Ind\u00edgena"},"content":{"rendered":"\n<p>El Comit\u00e9 Directivo Estatal del Partido\nRevolucionario Institucional (PRI), encabezado por Julio Manuel Valera Piedras\ny Yarely Melo Rodr\u00edguez, dieron a conocer que Adela P\u00e9rez Espinoza ocupa a\npartir de este momento la Secretar\u00eda de Acci\u00f3n Ind\u00edgena, en sustituci\u00f3n de Erik\nGuerrero Bautista.<\/p>\n\n\n\n<p>Al respecto el dirigente estatal\nexpres\u00f3 su reconocimiento al trabajo realizado por Guerrero Bautista, a quien\nreconoci\u00f3 su liderazgo y trabajo partidista.<\/p>\n\n\n\n<p>\u201cUna causa fundamental para el partido es la referente a nuestros hermanos ind\u00edgenas. Esto es parte de los cambios que se est\u00e1n llevando a cabo en el partido, con el prop\u00f3sito de fortalecer, reagrupar y cerrar filas en torno a un proceso importante y fundamental para el priismo del estado\u201d.<\/p>\n\n\n\n<figure class=\"wp-block-image\"><img fetchpriority=\"high\" decoding=\"async\" width=\"813\" height=\"1024\" src=\"https::\/\/elreporterohgo.com\/noticias\/wp-content\/uploads\/2022\/03\/Foto-813x1024.jpeg\" alt=\"\" class=\"wp-image-47088\" srcset=\"https:\/\/elreporterohgo.com\/noticias\/wp-content\/uploads\/2022\/03\/Foto-813x1024.jpeg 813w, https:\/\/elreporterohgo.com\/noticias\/wp-content\/uploads\/2022\/03\/Foto-238x300.jpeg 238w, https:\/\/elreporterohgo.com\/noticias\/wp-content\/uploads\/2022\/03\/Foto-768x968.jpeg 768w, https:\/\/elreporterohgo.com\/noticias\/wp-content\/uploads\/2022\/03\/Foto.jpeg 1000w\" sizes=\"(max-width: 813px) 100vw, 813px\" \/><\/figure>\n","protected":false},"excerpt":{"rendered":"<p>El Comit\u00e9 Directivo Estatal del Partido Revolucionario Institucional (PRI), encabezado por Julio Manuel Valera Piedras y Yarely Melo Rodr\u00edguez, dieron a conocer que Adela P\u00e9rez Espinoza ocupa a partir de este momento la Secretar\u00eda de Acci\u00f3n Ind\u00edgena, en sustituci\u00f3n de Erik Guerrero Bautista. Al respecto el dirigente estatal expres\u00f3 su reconocimiento al trabajo realizado por<\/p>\n","protected":false},"author":2,"featured_media":47088,"comment_status":"open","ping_status":"closed","sticky":false,"template":"","format":"standard","meta":{"footnotes":""},"categories":[10],"tags":[],"class_list":{"0":"post-47087","1":"post","2":"type-post","3":"status-publish","4":"format-standard","5":"has-post-thumbnail","7":"category-hidalgo"},"_links":{"self":[{"href":"https:\/\/elreporterohgo.com\/noticias\/wp-json\/wp\/v2\/posts\/47087","targetHints":{"allow":["GET"]}}],"collection":[{"href":"https:\/\/elreporterohgo.com\/noticias\/wp-json\/wp\/v2\/posts"}],"about":[{"href":"https:\/\/elreporterohgo.com\/noticias\/wp-json\/wp\/v2\/types\/post"}],"author":[{"embeddable":true,"href":"https:\/\/elreporterohgo.com\/noticias\/wp-json\/wp\/v2\/users\/2"}],"replies":[{"embeddable":true,"href":"https:\/\/elreporterohgo.com\/noticias\/wp-json\/wp\/v2\/comments?post=47087"}],"version-history":[{"count":1,"href":"https:\/\/elreporterohgo.com\/noticias\/wp-json\/wp\/v2\/posts\/47087\/revisions"}],"predecessor-version":[{"id":47089,"href":"https:\/\/elreporterohgo.com\/noticias\/wp-json\/wp\/v2\/posts\/47087\/revisions\/47089"}],"wp:featuredmedia":[{"embeddable":true,"href":"https:\/\/elreporterohgo.com\/noticias\/wp-json\/wp\/v2\/media\/47088"}],"wp:attachment":[{"href":"https:\/\/elreporterohgo.com\/noticias\/wp-json\/wp\/v2\/media?parent=47087"}],"wp:term":[{"taxonomy":"category","embeddable":true,"href":"https:\/\/elreporterohgo.com\/noticias\/wp-json\/wp\/v2\/categories?post=47087"},{"taxonomy":"post_tag","embeddable":true,"href":"https:\/\/elreporterohgo.com\/noticias\/wp-json\/wp\/v2\/tags?post=47087"}],"curies":[{"name":"wp","href":"https:\/\/api.w.org\/{rel}","templated":true}]}}