{"id":47048,"date":"2022-03-08T22:36:43","date_gmt":"2022-03-09T04:36:43","guid":{"rendered":"https:\/\/elreporterohgo.com\/noticias\/?p=47048"},"modified":"2022-03-08T22:36:44","modified_gmt":"2022-03-09T04:36:44","slug":"movilidad-y-transporte-seguro-para-ninas-y-mujeres-en-hidalgo","status":"publish","type":"post","link":"https:\/\/elreporterohgo.com\/noticias\/2022\/03\/08\/movilidad-y-transporte-seguro-para-ninas-y-mujeres-en-hidalgo\/","title":{"rendered":"Movilidad y Transporte seguro para ni\u00f1as y mujeres en Hidalgo"},"content":{"rendered":"\n<figure class=\"wp-block-image\"><img fetchpriority=\"high\" decoding=\"async\" width=\"1024\" height=\"683\" src=\"https::\/\/elreporterohgo.com\/noticias\/wp-content\/uploads\/2022\/03\/IMG_9309-1024x683.jpg\" alt=\"\" class=\"wp-image-47049\" srcset=\"https:\/\/elreporterohgo.com\/noticias\/wp-content\/uploads\/2022\/03\/IMG_9309-1024x683.jpg 1024w, https:\/\/elreporterohgo.com\/noticias\/wp-content\/uploads\/2022\/03\/IMG_9309-300x200.jpg 300w, https:\/\/elreporterohgo.com\/noticias\/wp-content\/uploads\/2022\/03\/IMG_9309-768x512.jpg 768w\" sizes=\"(max-width: 1024px) 100vw, 1024px\" \/><\/figure>\n\n\n\n<p>Tula de Allende, Hgo.- Reconociendo el trabajo, trayectoria y esfuerzo de sus compa\u00f1eras Diputadas y el de todas las mujeres, fue como el Diputado Tavo Maga\u00f1a present\u00f3 la iniciativa con Proyecto de Decreto por el que se adiciona la Fracci\u00f3n V TER al art\u00edculo 7 y se reforma, el articulo 3ro y 27 de la Ley de Movilidad y Transporte en Hidalgo.w<br><\/p>\n\n\n\n<p>La&nbsp; iniciativa tiene el objetivo de erradicar, prevenir, atender y sancionar cualquier tipo de violencia contra las mujeres en las unidades de servicio p\u00fablico, para que las acciones implementadas por las autoridades, concesionarios, permisionarios est\u00e9n encaminadas en identificar conductas discriminatorias, desiguales contra la mujer.<\/p>\n\n\n\n<p><\/p>\n","protected":false},"excerpt":{"rendered":"<p>Tula de Allende, Hgo.- Reconociendo el trabajo, trayectoria y esfuerzo de sus compa\u00f1eras Diputadas y el de todas las mujeres, fue como el Diputado Tavo Maga\u00f1a present\u00f3 la iniciativa con Proyecto de Decreto por el que se adiciona la Fracci\u00f3n V TER al art\u00edculo 7 y se reforma, el articulo 3ro y 27 de la<\/p>\n","protected":false},"author":2,"featured_media":47049,"comment_status":"open","ping_status":"closed","sticky":false,"template":"","format":"standard","meta":{"footnotes":""},"categories":[10],"tags":[],"class_list":{"0":"post-47048","1":"post","2":"type-post","3":"status-publish","4":"format-standard","5":"has-post-thumbnail","7":"category-hidalgo"},"_links":{"self":[{"href":"https:\/\/elreporterohgo.com\/noticias\/wp-json\/wp\/v2\/posts\/47048","targetHints":{"allow":["GET"]}}],"collection":[{"href":"https:\/\/elreporterohgo.com\/noticias\/wp-json\/wp\/v2\/posts"}],"about":[{"href":"https:\/\/elreporterohgo.com\/noticias\/wp-json\/wp\/v2\/types\/post"}],"author":[{"embeddable":true,"href":"https:\/\/elreporterohgo.com\/noticias\/wp-json\/wp\/v2\/users\/2"}],"replies":[{"embeddable":true,"href":"https:\/\/elreporterohgo.com\/noticias\/wp-json\/wp\/v2\/comments?post=47048"}],"version-history":[{"count":1,"href":"https:\/\/elreporterohgo.com\/noticias\/wp-json\/wp\/v2\/posts\/47048\/revisions"}],"predecessor-version":[{"id":47050,"href":"https:\/\/elreporterohgo.com\/noticias\/wp-json\/wp\/v2\/posts\/47048\/revisions\/47050"}],"wp:featuredmedia":[{"embeddable":true,"href":"https:\/\/elreporterohgo.com\/noticias\/wp-json\/wp\/v2\/media\/47049"}],"wp:attachment":[{"href":"https:\/\/elreporterohgo.com\/noticias\/wp-json\/wp\/v2\/media?parent=47048"}],"wp:term":[{"taxonomy":"category","embeddable":true,"href":"https:\/\/elreporterohgo.com\/noticias\/wp-json\/wp\/v2\/categories?post=47048"},{"taxonomy":"post_tag","embeddable":true,"href":"https:\/\/elreporterohgo.com\/noticias\/wp-json\/wp\/v2\/tags?post=47048"}],"curies":[{"name":"wp","href":"https:\/\/api.w.org\/{rel}","templated":true}]}}