{"id":47045,"date":"2022-03-08T22:26:39","date_gmt":"2022-03-09T04:26:39","guid":{"rendered":"https:\/\/elreporterohgo.com\/noticias\/?p=47045"},"modified":"2022-03-08T22:26:40","modified_gmt":"2022-03-09T04:26:40","slug":"valientes-congruentes-y-luchadoras-por-los-derechos-de-todas-las-mujeres","status":"publish","type":"post","link":"https:\/\/elreporterohgo.com\/noticias\/2022\/03\/08\/valientes-congruentes-y-luchadoras-por-los-derechos-de-todas-las-mujeres\/","title":{"rendered":"\u00abValientes, congruentes y luchadoras por los derechos de todas las mujeres\u201d"},"content":{"rendered":"\n<figure class=\"wp-block-image\"><img fetchpriority=\"high\" decoding=\"async\" width=\"1024\" height=\"575\" src=\"https::\/\/elreporterohgo.com\/noticias\/wp-content\/uploads\/2022\/03\/Foto-2-13-1024x575.jpeg\" alt=\"\" class=\"wp-image-47046\" srcset=\"https:\/\/elreporterohgo.com\/noticias\/wp-content\/uploads\/2022\/03\/Foto-2-13-1024x575.jpeg 1024w, https:\/\/elreporterohgo.com\/noticias\/wp-content\/uploads\/2022\/03\/Foto-2-13-300x169.jpeg 300w, https:\/\/elreporterohgo.com\/noticias\/wp-content\/uploads\/2022\/03\/Foto-2-13-768x431.jpeg 768w, https:\/\/elreporterohgo.com\/noticias\/wp-content\/uploads\/2022\/03\/Foto-2-13.jpeg 1280w\" sizes=\"(max-width: 1024px) 100vw, 1024px\" \/><\/figure>\n\n\n\n<p>Pachuca, Hgo.- \u201cHoy no es un d\u00eda\npara celebrar, es un d\u00eda que nos debe llevar a reflexionar que no podemos\nconformarnos, que tenemos que rebelarnos frente a esta realidad y que tenemos\nque ser valientes, congruentes y luchadoras por los derechos de todas las\nmujeres\u201d, se\u00f1al\u00f3 la secretaria general del CEN del PRI, Carolina Viggiano\nAustria.<\/p>\n\n\n\n<p>En\nel marco del Dia Internacional de la Mujer la dirigente partidista particip\u00f3 en\nun encuentro con mujeres hidalguenses a quienes dijo que todav\u00eda hay mucho por\nhacer en la lucha por conquistar sus derechos y confi\u00f3 en que juntas podr\u00e1n\nlograr mejores condiciones de vida.<\/p>\n\n\n\n<p>Se\u00f1al\u00f3\nque se debe trabajar desde el \u00e1mbito legislativo, pero tambi\u00e9n en el terreno de\nlas pol\u00edticas p\u00fablicas; \u201cah\u00ed hay mucho que hacer para que las mujeres accedan a\nun cr\u00e9dito, hay mucho que hacer para que las mujeres puedan ser felices, libres\ne independientes\u201d, subray\u00f3.<\/p>\n\n\n\n<p>Dijo\nque entre las mujeres debe haber unidad, empat\u00eda y sororidad para poder caminar\ncomo hermanas, para luchar por las mujeres que no tienen voz, por aquellas que\nfueron silenciadas o las que est\u00e1n en sus comunidades trabajando porque si no\ntrabajan, este d\u00eda no comen. Y tambi\u00e9n muchas otras que no encuentran d\u00f3nde\ndejar a sus hijos mientras se dedican al comercio.<\/p>\n\n\n\n<p>\u201cCiertamente\ndebemos velar por los derechos de las mujeres pobres, las que sufren violencia\ny abuso, pero tambi\u00e9n por aquellas que tienen su vida econ\u00f3mica resuelta, que\nse sienten solas y avergonzadas con una sociedad que nos exige cada d\u00eda m\u00e1s,\nque nos exige ser libres y trabajadoras y que si lloras no te critiquen, y si\ngritas no digan que eres muy mandona y que si te quedas callada no digan que\neres muy sumisa\u201d, subray\u00f3.<\/p>\n\n\n\n<p>Trabajar,\nabund\u00f3, para garantizar mejores condiciones de vida de ni\u00f1as que hoy viven\nabuso bajo la complicidad de su propia familia. Debemos reconocer que en el\ntema de ni\u00f1as y ni\u00f1os hay una clara falta de atenci\u00f3n cuando antes ya se hab\u00eda\navanzado en ello con una visi\u00f3n de derechos humanos y que, ante las err\u00f3neas\npol\u00edticas de la actual administraci\u00f3n federal, hoy se registra un lamentable\nretroceso.<\/p>\n\n\n\n<p>Por \u00faltimo, Viggiano Austria\nreconoci\u00f3 que hay mucha tarea por hacer tambi\u00e9n en el Poder Judicial, donde el\nsistema de justicia tiene que transformarse para fortalecer el acceso de las\nmujeres a la justicia. \u201cTenemos que incorporar una perspectiva de g\u00e9nero para\nel juzgador, una perspectiva de g\u00e9nero tambi\u00e9n en la administraci\u00f3n p\u00fablica\nporque ah\u00ed en la administraci\u00f3n p\u00fablica es donde las mam\u00e1s viven muchas\ninjusticias y desventajas\u201d, puntualiz\u00f3.<\/p>\n\n\n\n<p><strong>&#8211;oOo&#8211;<\/strong><\/p>\n","protected":false},"excerpt":{"rendered":"<p>Pachuca, Hgo.- \u201cHoy no es un d\u00eda para celebrar, es un d\u00eda que nos debe llevar a reflexionar que no podemos conformarnos, que tenemos que rebelarnos frente a esta realidad y que tenemos que ser valientes, congruentes y luchadoras por los derechos de todas las mujeres\u201d, se\u00f1al\u00f3 la secretaria general del CEN del PRI, Carolina<\/p>\n","protected":false},"author":2,"featured_media":47046,"comment_status":"open","ping_status":"closed","sticky":false,"template":"","format":"standard","meta":{"footnotes":""},"categories":[10],"tags":[],"class_list":{"0":"post-47045","1":"post","2":"type-post","3":"status-publish","4":"format-standard","5":"has-post-thumbnail","7":"category-hidalgo"},"_links":{"self":[{"href":"https:\/\/elreporterohgo.com\/noticias\/wp-json\/wp\/v2\/posts\/47045","targetHints":{"allow":["GET"]}}],"collection":[{"href":"https:\/\/elreporterohgo.com\/noticias\/wp-json\/wp\/v2\/posts"}],"about":[{"href":"https:\/\/elreporterohgo.com\/noticias\/wp-json\/wp\/v2\/types\/post"}],"author":[{"embeddable":true,"href":"https:\/\/elreporterohgo.com\/noticias\/wp-json\/wp\/v2\/users\/2"}],"replies":[{"embeddable":true,"href":"https:\/\/elreporterohgo.com\/noticias\/wp-json\/wp\/v2\/comments?post=47045"}],"version-history":[{"count":1,"href":"https:\/\/elreporterohgo.com\/noticias\/wp-json\/wp\/v2\/posts\/47045\/revisions"}],"predecessor-version":[{"id":47047,"href":"https:\/\/elreporterohgo.com\/noticias\/wp-json\/wp\/v2\/posts\/47045\/revisions\/47047"}],"wp:featuredmedia":[{"embeddable":true,"href":"https:\/\/elreporterohgo.com\/noticias\/wp-json\/wp\/v2\/media\/47046"}],"wp:attachment":[{"href":"https:\/\/elreporterohgo.com\/noticias\/wp-json\/wp\/v2\/media?parent=47045"}],"wp:term":[{"taxonomy":"category","embeddable":true,"href":"https:\/\/elreporterohgo.com\/noticias\/wp-json\/wp\/v2\/categories?post=47045"},{"taxonomy":"post_tag","embeddable":true,"href":"https:\/\/elreporterohgo.com\/noticias\/wp-json\/wp\/v2\/tags?post=47045"}],"curies":[{"name":"wp","href":"https:\/\/api.w.org\/{rel}","templated":true}]}}