{"id":47042,"date":"2022-03-08T22:13:48","date_gmt":"2022-03-09T04:13:48","guid":{"rendered":"https:\/\/elreporterohgo.com\/noticias\/?p=47042"},"modified":"2022-03-08T22:13:50","modified_gmt":"2022-03-09T04:13:50","slug":"reconocen-a-mujeres-policia-por-trayectoria","status":"publish","type":"post","link":"https:\/\/elreporterohgo.com\/noticias\/2022\/03\/08\/reconocen-a-mujeres-policia-por-trayectoria\/","title":{"rendered":"Reconocen a mujeres polic\u00eda por trayectoria"},"content":{"rendered":"\n<figure class=\"wp-block-image\"><img fetchpriority=\"high\" decoding=\"async\" width=\"1024\" height=\"682\" src=\"https::\/\/elreporterohgo.com\/noticias\/wp-content\/uploads\/2022\/03\/c0f25fef-4e8b-496a-941d-7146cf7f381e-1024x682.jpg\" alt=\"\" class=\"wp-image-47043\" srcset=\"https:\/\/elreporterohgo.com\/noticias\/wp-content\/uploads\/2022\/03\/c0f25fef-4e8b-496a-941d-7146cf7f381e-1024x682.jpg 1024w, https:\/\/elreporterohgo.com\/noticias\/wp-content\/uploads\/2022\/03\/c0f25fef-4e8b-496a-941d-7146cf7f381e-300x200.jpg 300w, https:\/\/elreporterohgo.com\/noticias\/wp-content\/uploads\/2022\/03\/c0f25fef-4e8b-496a-941d-7146cf7f381e-768x512.jpg 768w, https:\/\/elreporterohgo.com\/noticias\/wp-content\/uploads\/2022\/03\/c0f25fef-4e8b-496a-941d-7146cf7f381e.jpg 1280w\" sizes=\"(max-width: 1024px) 100vw, 1024px\" \/><\/figure>\n\n\n\n<p>El Gobierno de Hidalgo, a trav\u00e9s de su dependencia de seguridad, desarroll\u00f3 ceremonia en la que participaron servidoras p\u00fablicas de la Agencia de Seguridad Estatal, C5i, Subsecretar\u00eda de Reinserci\u00f3n Social, Polic\u00eda Industrial Bancaria, H. Cuerpo de Bomberos de Hidalgo y Unidad de Medidas Cautelares.<\/p>\n\n\n\n<p>Con el C5i como marco de la conmemoraci\u00f3n del D\u00eda Internacional de la Mujer, en el encuentro fueron condecoradas funcionarias encargadas de hacer cumplir la ley que han desempe\u00f1ado desde 25 hasta 46 a\u00f1os de servicio en la instituci\u00f3n, contando dos de ellas con trayectorias desde 1975.<\/p>\n","protected":false},"excerpt":{"rendered":"<p>El Gobierno de Hidalgo, a trav\u00e9s de su dependencia de seguridad, desarroll\u00f3 ceremonia en la que participaron servidoras p\u00fablicas de la Agencia de Seguridad Estatal, C5i, Subsecretar\u00eda de Reinserci\u00f3n Social, Polic\u00eda Industrial Bancaria, H. Cuerpo de Bomberos de Hidalgo y Unidad de Medidas Cautelares. Con el C5i como marco de la conmemoraci\u00f3n del D\u00eda Internacional<\/p>\n","protected":false},"author":2,"featured_media":47043,"comment_status":"open","ping_status":"closed","sticky":false,"template":"","format":"standard","meta":{"footnotes":""},"categories":[10],"tags":[],"class_list":{"0":"post-47042","1":"post","2":"type-post","3":"status-publish","4":"format-standard","5":"has-post-thumbnail","7":"category-hidalgo"},"_links":{"self":[{"href":"https:\/\/elreporterohgo.com\/noticias\/wp-json\/wp\/v2\/posts\/47042","targetHints":{"allow":["GET"]}}],"collection":[{"href":"https:\/\/elreporterohgo.com\/noticias\/wp-json\/wp\/v2\/posts"}],"about":[{"href":"https:\/\/elreporterohgo.com\/noticias\/wp-json\/wp\/v2\/types\/post"}],"author":[{"embeddable":true,"href":"https:\/\/elreporterohgo.com\/noticias\/wp-json\/wp\/v2\/users\/2"}],"replies":[{"embeddable":true,"href":"https:\/\/elreporterohgo.com\/noticias\/wp-json\/wp\/v2\/comments?post=47042"}],"version-history":[{"count":1,"href":"https:\/\/elreporterohgo.com\/noticias\/wp-json\/wp\/v2\/posts\/47042\/revisions"}],"predecessor-version":[{"id":47044,"href":"https:\/\/elreporterohgo.com\/noticias\/wp-json\/wp\/v2\/posts\/47042\/revisions\/47044"}],"wp:featuredmedia":[{"embeddable":true,"href":"https:\/\/elreporterohgo.com\/noticias\/wp-json\/wp\/v2\/media\/47043"}],"wp:attachment":[{"href":"https:\/\/elreporterohgo.com\/noticias\/wp-json\/wp\/v2\/media?parent=47042"}],"wp:term":[{"taxonomy":"category","embeddable":true,"href":"https:\/\/elreporterohgo.com\/noticias\/wp-json\/wp\/v2\/categories?post=47042"},{"taxonomy":"post_tag","embeddable":true,"href":"https:\/\/elreporterohgo.com\/noticias\/wp-json\/wp\/v2\/tags?post=47042"}],"curies":[{"name":"wp","href":"https:\/\/api.w.org\/{rel}","templated":true}]}}