{"id":47024,"date":"2022-03-08T14:24:17","date_gmt":"2022-03-08T20:24:17","guid":{"rendered":"https:\/\/elreporterohgo.com\/noticias\/?p=47024"},"modified":"2022-03-08T14:24:18","modified_gmt":"2022-03-08T20:24:18","slug":"una-veladora-causo-incendio-en-humilde-vivienda","status":"publish","type":"post","link":"https:\/\/elreporterohgo.com\/noticias\/2022\/03\/08\/una-veladora-causo-incendio-en-humilde-vivienda\/","title":{"rendered":"Una veladora caus\u00f3 incendio en humilde vivienda"},"content":{"rendered":"\n<figure class=\"wp-block-image\"><img fetchpriority=\"high\" decoding=\"async\" width=\"576\" height=\"1024\" src=\"https::\/\/elreporterohgo.com\/noticias\/wp-content\/uploads\/2022\/03\/28304e30-eb5e-4805-99e7-b13693945181-576x1024.jpg\" alt=\"\" class=\"wp-image-47025\" srcset=\"https:\/\/elreporterohgo.com\/noticias\/wp-content\/uploads\/2022\/03\/28304e30-eb5e-4805-99e7-b13693945181-576x1024.jpg 576w, https:\/\/elreporterohgo.com\/noticias\/wp-content\/uploads\/2022\/03\/28304e30-eb5e-4805-99e7-b13693945181-169x300.jpg 169w, https:\/\/elreporterohgo.com\/noticias\/wp-content\/uploads\/2022\/03\/28304e30-eb5e-4805-99e7-b13693945181-768x1366.jpg 768w, https:\/\/elreporterohgo.com\/noticias\/wp-content\/uploads\/2022\/03\/28304e30-eb5e-4805-99e7-b13693945181.jpg 899w\" sizes=\"(max-width: 576px) 100vw, 576px\" \/><\/figure>\n\n\n\n<p>El fuego arras\u00f3 con todo<\/p>\n\n\n\n<p>Por Gerardo Sol<\/p>\n\n\n\n<p>PACHUCA, Hgo.- Una veladora origino el incendio de humilde\nvivienda, la tarde de hoy, en la colonia Aves del Para\u00edso, en esta minera\nciudad.<\/p>\n\n\n\n<p>En atenci\u00f3n a un reporte del C5i, aproximadamente a las 13:00\nhoras de hoy, Bomberos de Hidalgo salen con direcci\u00f3n a una vivienda localizada\nen la esquina de las calles Canarios y Palomas.<\/p>\n\n\n\n<p>En el Llegando al lugar hallaron destruidos por las llamas\ntres cuartos con techo de l\u00e1mina, lugar donde los vecinos ya hab\u00edan sofocado\nlas llamas.<\/p>\n\n\n\n<p>Clementina \u201cN\u201d, es el nombre de la propietaria del inmueble y\nal recorrer con los bomberos el interior del inmueble dijo que, al parecer, una\nveladora origino el siniestro.<\/p>\n\n\n\n<p>Las llamas consumieron diversos muebles como son estufa, cama,\ny aparatos el\u00e9ctricos, sin cuantificar da\u00f1os. Afortunadamente no hubo\nlesionados.<\/p>\n","protected":false},"excerpt":{"rendered":"<p>El fuego arras\u00f3 con todo Por Gerardo Sol PACHUCA, Hgo.- Una veladora origino el incendio de humilde vivienda, la tarde de hoy, en la colonia Aves del Para\u00edso, en esta minera ciudad. En atenci\u00f3n a un reporte del C5i, aproximadamente a las 13:00 horas de hoy, Bomberos de Hidalgo salen con direcci\u00f3n a una vivienda<\/p>\n","protected":false},"author":2,"featured_media":47025,"comment_status":"open","ping_status":"closed","sticky":false,"template":"","format":"standard","meta":{"footnotes":""},"categories":[10],"tags":[],"class_list":{"0":"post-47024","1":"post","2":"type-post","3":"status-publish","4":"format-standard","5":"has-post-thumbnail","7":"category-hidalgo"},"_links":{"self":[{"href":"https:\/\/elreporterohgo.com\/noticias\/wp-json\/wp\/v2\/posts\/47024","targetHints":{"allow":["GET"]}}],"collection":[{"href":"https:\/\/elreporterohgo.com\/noticias\/wp-json\/wp\/v2\/posts"}],"about":[{"href":"https:\/\/elreporterohgo.com\/noticias\/wp-json\/wp\/v2\/types\/post"}],"author":[{"embeddable":true,"href":"https:\/\/elreporterohgo.com\/noticias\/wp-json\/wp\/v2\/users\/2"}],"replies":[{"embeddable":true,"href":"https:\/\/elreporterohgo.com\/noticias\/wp-json\/wp\/v2\/comments?post=47024"}],"version-history":[{"count":1,"href":"https:\/\/elreporterohgo.com\/noticias\/wp-json\/wp\/v2\/posts\/47024\/revisions"}],"predecessor-version":[{"id":47026,"href":"https:\/\/elreporterohgo.com\/noticias\/wp-json\/wp\/v2\/posts\/47024\/revisions\/47026"}],"wp:featuredmedia":[{"embeddable":true,"href":"https:\/\/elreporterohgo.com\/noticias\/wp-json\/wp\/v2\/media\/47025"}],"wp:attachment":[{"href":"https:\/\/elreporterohgo.com\/noticias\/wp-json\/wp\/v2\/media?parent=47024"}],"wp:term":[{"taxonomy":"category","embeddable":true,"href":"https:\/\/elreporterohgo.com\/noticias\/wp-json\/wp\/v2\/categories?post=47024"},{"taxonomy":"post_tag","embeddable":true,"href":"https:\/\/elreporterohgo.com\/noticias\/wp-json\/wp\/v2\/tags?post=47024"}],"curies":[{"name":"wp","href":"https:\/\/api.w.org\/{rel}","templated":true}]}}