{"id":47018,"date":"2022-03-08T12:39:54","date_gmt":"2022-03-08T18:39:54","guid":{"rendered":"https:\/\/elreporterohgo.com\/noticias\/?p=47018"},"modified":"2022-03-08T12:39:55","modified_gmt":"2022-03-08T18:39:55","slug":"aparatoso-accidente-en-la-mexico-tuxpan","status":"publish","type":"post","link":"https:\/\/elreporterohgo.com\/noticias\/2022\/03\/08\/aparatoso-accidente-en-la-mexico-tuxpan\/","title":{"rendered":"Aparatoso accidente en la M\u00e9xico-Tuxpan"},"content":{"rendered":"\n<figure class=\"wp-block-image\"><img fetchpriority=\"high\" decoding=\"async\" width=\"1024\" height=\"768\" src=\"https::\/\/elreporterohgo.com\/noticias\/wp-content\/uploads\/2022\/03\/18be6f1f-b44e-48d4-9a07-ff7f2839bed3-copia-1024x768.jpg\" alt=\"\" class=\"wp-image-47019\" srcset=\"https:\/\/elreporterohgo.com\/noticias\/wp-content\/uploads\/2022\/03\/18be6f1f-b44e-48d4-9a07-ff7f2839bed3-copia-1024x768.jpg 1024w, https:\/\/elreporterohgo.com\/noticias\/wp-content\/uploads\/2022\/03\/18be6f1f-b44e-48d4-9a07-ff7f2839bed3-copia-300x225.jpg 300w, https:\/\/elreporterohgo.com\/noticias\/wp-content\/uploads\/2022\/03\/18be6f1f-b44e-48d4-9a07-ff7f2839bed3-copia-768x576.jpg 768w, https:\/\/elreporterohgo.com\/noticias\/wp-content\/uploads\/2022\/03\/18be6f1f-b44e-48d4-9a07-ff7f2839bed3-copia.jpg 1600w\" sizes=\"(max-width: 1024px) 100vw, 1024px\" \/><\/figure>\n\n\n\n<p>Perdieron el control en las curvas de san vida<\/p>\n\n\n\n<p>TULANCINGO, HGO.- Tres le4sionados leves y elevados da\u00f1os\nmateriales fue el saldo que dej\u00f3 aparatoso accidente entre un cami\u00f3n de carga\nde y un autom\u00f3vil compacto.<\/p>\n\n\n\n<p>Sobre la carretera federal libre M\u00e9xico &#8211; Tuxpan, tramo\ncurvas de San Vidal, localizaron un hecho de tr\u00e1nsito entre dos veh\u00edculos.<\/p>\n\n\n\n<p>El primer veh\u00edculo es marca Dina, tipo Torton rab\u00f3n, color\nrojo placas de circulaci\u00f3n HN99277, mismo que circulaba cargado de material para\nconstrucci\u00f3n tipo tepojal, estaba volcado sobre su toldo, sin ocupantes, pues\nfue abandonado.<\/p>\n\n\n\n<p>Mientras que el vehi8ulo dos es un Volkswagen Derby, color\nrojo, &nbsp;placas MPR1039, conducido por Joel\n\u201cN\u201d, vecino de la colonia Vicente Guerrero, en Tulancingo.<\/p>\n\n\n\n<p>En el Derby viajaban dos ocupantes del conductor que\nsufrieron lesiones menores y fueron atendidos por la Cruz Roja, se negaron a\nser trasladados.<\/p>\n\n\n\n<p>Efectivos de la Guardia Nacional, (Divisi\u00f3n Caminos), se\nhicieron cargo del percance.<\/p>\n","protected":false},"excerpt":{"rendered":"<p>Perdieron el control en las curvas de san vida TULANCINGO, HGO.- Tres le4sionados leves y elevados da\u00f1os materiales fue el saldo que dej\u00f3 aparatoso accidente entre un cami\u00f3n de carga de y un autom\u00f3vil compacto. Sobre la carretera federal libre M\u00e9xico &#8211; Tuxpan, tramo curvas de San Vidal, localizaron un hecho de tr\u00e1nsito entre dos<\/p>\n","protected":false},"author":2,"featured_media":47019,"comment_status":"open","ping_status":"closed","sticky":false,"template":"","format":"standard","meta":{"footnotes":""},"categories":[10],"tags":[],"class_list":{"0":"post-47018","1":"post","2":"type-post","3":"status-publish","4":"format-standard","5":"has-post-thumbnail","7":"category-hidalgo"},"_links":{"self":[{"href":"https:\/\/elreporterohgo.com\/noticias\/wp-json\/wp\/v2\/posts\/47018","targetHints":{"allow":["GET"]}}],"collection":[{"href":"https:\/\/elreporterohgo.com\/noticias\/wp-json\/wp\/v2\/posts"}],"about":[{"href":"https:\/\/elreporterohgo.com\/noticias\/wp-json\/wp\/v2\/types\/post"}],"author":[{"embeddable":true,"href":"https:\/\/elreporterohgo.com\/noticias\/wp-json\/wp\/v2\/users\/2"}],"replies":[{"embeddable":true,"href":"https:\/\/elreporterohgo.com\/noticias\/wp-json\/wp\/v2\/comments?post=47018"}],"version-history":[{"count":1,"href":"https:\/\/elreporterohgo.com\/noticias\/wp-json\/wp\/v2\/posts\/47018\/revisions"}],"predecessor-version":[{"id":47020,"href":"https:\/\/elreporterohgo.com\/noticias\/wp-json\/wp\/v2\/posts\/47018\/revisions\/47020"}],"wp:featuredmedia":[{"embeddable":true,"href":"https:\/\/elreporterohgo.com\/noticias\/wp-json\/wp\/v2\/media\/47019"}],"wp:attachment":[{"href":"https:\/\/elreporterohgo.com\/noticias\/wp-json\/wp\/v2\/media?parent=47018"}],"wp:term":[{"taxonomy":"category","embeddable":true,"href":"https:\/\/elreporterohgo.com\/noticias\/wp-json\/wp\/v2\/categories?post=47018"},{"taxonomy":"post_tag","embeddable":true,"href":"https:\/\/elreporterohgo.com\/noticias\/wp-json\/wp\/v2\/tags?post=47018"}],"curies":[{"name":"wp","href":"https:\/\/api.w.org\/{rel}","templated":true}]}}