{"id":46992,"date":"2022-03-07T15:05:14","date_gmt":"2022-03-07T21:05:14","guid":{"rendered":"https:\/\/elreporterohgo.com\/noticias\/?p=46992"},"modified":"2022-03-07T15:05:14","modified_gmt":"2022-03-07T21:05:14","slug":"capturan-a-comandante-de-la-policia-de-investigacion-de-hidalgo","status":"publish","type":"post","link":"https:\/\/elreporterohgo.com\/noticias\/2022\/03\/07\/capturan-a-comandante-de-la-policia-de-investigacion-de-hidalgo\/","title":{"rendered":"Capturan a comandante de la Polic\u00eda de Investigaci\u00f3n de Hidalgo"},"content":{"rendered":"\n<figure class=\"wp-block-image\"><img fetchpriority=\"high\" decoding=\"async\" width=\"1024\" height=\"483\" src=\"https::\/\/elreporterohgo.com\/noticias\/wp-content\/uploads\/2022\/03\/0augusto-2-1024x483.jpg\" alt=\"\" class=\"wp-image-46993\" srcset=\"https:\/\/elreporterohgo.com\/noticias\/wp-content\/uploads\/2022\/03\/0augusto-2-1024x483.jpg 1024w, https:\/\/elreporterohgo.com\/noticias\/wp-content\/uploads\/2022\/03\/0augusto-2-300x142.jpg 300w, https:\/\/elreporterohgo.com\/noticias\/wp-content\/uploads\/2022\/03\/0augusto-2-768x362.jpg 768w, https:\/\/elreporterohgo.com\/noticias\/wp-content\/uploads\/2022\/03\/0augusto-2-520x245.jpg 520w, https:\/\/elreporterohgo.com\/noticias\/wp-content\/uploads\/2022\/03\/0augusto-2-720x340.jpg 720w, https:\/\/elreporterohgo.com\/noticias\/wp-content\/uploads\/2022\/03\/0augusto-2.jpg 1399w\" sizes=\"(max-width: 1024px) 100vw, 1024px\" \/><\/figure>\n\n\n\n<p>Asegurado por la Polic\u00eda Municipal de Celaya<\/p>\n\n\n\n<p>Por Juan Sabino Cruz<\/p>\n\n\n\n<p>Celaya, Guanajuato.- Augusto \u00c1ngeles Olgu\u00edn, Comandante de\nla Polic\u00eda de Investigaci\u00f3n en Hidalgo, la ma\u00f1ana del viernes, fue detenido en\nGuanajuato.<\/p>\n\n\n\n<p>Presuntamente, informaci\u00f3n que hicieron llegar a la\nredacci\u00f3n de EL REPORTERO, Augusto \u00c1ngeles est\u00e1 adscrito a la comandancia de\nTlaxcoapan, Hidalgo, por causas desconocidas Sali\u00f3 de Hidalgo en su patrulla marca\nRenault, Fluence, color blanco.<\/p>\n\n\n\n<p>Aproximadamente a las 11:30 horas del viernes, el jefe\npoliciaco paso por un ret\u00e9n en su patrulla polarizada, sin que se conozca el\nmotivo, ah\u00ed fue detenido por la Polic\u00eda Municipal de Celaya, Guanajuato.<\/p>\n\n\n\n<p>Se desconoce que delito pudo haber cometido el mando\npoliciaco de Hidalgo, pero la realidad es que si est\u00e1 detenido en forma legal,\nas\u00ed lo establece informaci\u00f3n del Registro Nacional de Detenciones.<\/p>\n","protected":false},"excerpt":{"rendered":"<p>Asegurado por la Polic\u00eda Municipal de Celaya Por Juan Sabino Cruz Celaya, Guanajuato.- Augusto \u00c1ngeles Olgu\u00edn, Comandante de la Polic\u00eda de Investigaci\u00f3n en Hidalgo, la ma\u00f1ana del viernes, fue detenido en Guanajuato. Presuntamente, informaci\u00f3n que hicieron llegar a la redacci\u00f3n de EL REPORTERO, Augusto \u00c1ngeles est\u00e1 adscrito a la comandancia de Tlaxcoapan, Hidalgo, por causas<\/p>\n","protected":false},"author":2,"featured_media":46993,"comment_status":"open","ping_status":"closed","sticky":false,"template":"","format":"standard","meta":{"footnotes":""},"categories":[10],"tags":[],"class_list":{"0":"post-46992","1":"post","2":"type-post","3":"status-publish","4":"format-standard","5":"has-post-thumbnail","7":"category-hidalgo"},"_links":{"self":[{"href":"https:\/\/elreporterohgo.com\/noticias\/wp-json\/wp\/v2\/posts\/46992","targetHints":{"allow":["GET"]}}],"collection":[{"href":"https:\/\/elreporterohgo.com\/noticias\/wp-json\/wp\/v2\/posts"}],"about":[{"href":"https:\/\/elreporterohgo.com\/noticias\/wp-json\/wp\/v2\/types\/post"}],"author":[{"embeddable":true,"href":"https:\/\/elreporterohgo.com\/noticias\/wp-json\/wp\/v2\/users\/2"}],"replies":[{"embeddable":true,"href":"https:\/\/elreporterohgo.com\/noticias\/wp-json\/wp\/v2\/comments?post=46992"}],"version-history":[{"count":1,"href":"https:\/\/elreporterohgo.com\/noticias\/wp-json\/wp\/v2\/posts\/46992\/revisions"}],"predecessor-version":[{"id":46994,"href":"https:\/\/elreporterohgo.com\/noticias\/wp-json\/wp\/v2\/posts\/46992\/revisions\/46994"}],"wp:featuredmedia":[{"embeddable":true,"href":"https:\/\/elreporterohgo.com\/noticias\/wp-json\/wp\/v2\/media\/46993"}],"wp:attachment":[{"href":"https:\/\/elreporterohgo.com\/noticias\/wp-json\/wp\/v2\/media?parent=46992"}],"wp:term":[{"taxonomy":"category","embeddable":true,"href":"https:\/\/elreporterohgo.com\/noticias\/wp-json\/wp\/v2\/categories?post=46992"},{"taxonomy":"post_tag","embeddable":true,"href":"https:\/\/elreporterohgo.com\/noticias\/wp-json\/wp\/v2\/tags?post=46992"}],"curies":[{"name":"wp","href":"https:\/\/api.w.org\/{rel}","templated":true}]}}