{"id":46983,"date":"2022-03-07T11:16:34","date_gmt":"2022-03-07T17:16:34","guid":{"rendered":"https:\/\/elreporterohgo.com\/noticias\/?p=46983"},"modified":"2022-03-07T12:35:33","modified_gmt":"2022-03-07T18:35:33","slug":"secuestraron-a-una-estudiante-de-secundaria","status":"publish","type":"post","link":"https:\/\/elreporterohgo.com\/noticias\/2022\/03\/07\/secuestraron-a-una-estudiante-de-secundaria\/","title":{"rendered":"Secuestraron a una estudiante de secundaria"},"content":{"rendered":"\n<figure class=\"wp-block-image\"><img fetchpriority=\"high\" decoding=\"async\" width=\"1024\" height=\"713\" src=\"https::\/\/elreporterohgo.com\/noticias\/wp-content\/uploads\/2022\/03\/0tetla-2-1024x713.jpg\" alt=\"\" class=\"wp-image-46984\" srcset=\"https:\/\/elreporterohgo.com\/noticias\/wp-content\/uploads\/2022\/03\/0tetla-2-1024x713.jpg 1024w, https:\/\/elreporterohgo.com\/noticias\/wp-content\/uploads\/2022\/03\/0tetla-2-300x209.jpg 300w, https:\/\/elreporterohgo.com\/noticias\/wp-content\/uploads\/2022\/03\/0tetla-2-768x535.jpg 768w, https:\/\/elreporterohgo.com\/noticias\/wp-content\/uploads\/2022\/03\/0tetla-2.jpg 1419w\" sizes=\"(max-width: 1024px) 100vw, 1024px\" \/><\/figure>\n\n\n\n<p>Fue levantada en la localidad de Tetlapayac<\/p>\n\n\n\n<p>Por Juan Sabino Cruz<\/p>\n\n\n\n<p>Almoloya, Hgo.- Las corporaciones de Hidalgo y Tlaxcala est\u00e1n\nen alerta general para buscar localizar a una menor de edad que fue privada de\nsu libertad, la ma\u00f1ana de hoy, en la carretera Apan-La Uni\u00f3n, a la altura de\nTetlapayac.<\/p>\n\n\n\n<p>EL REPORTERO logr\u00f3 obtener informaci\u00f3n donde se establece que\nmuy de ma\u00f1ana, una adolescente de 15 a\u00f1os, vecina de la localidad de Graciano\nS\u00e1nchez, municipio de Tlaxco, estado de Tlaxcala, sali\u00f3 de su hogar para\ndirigirse a la secundaria de Mimiahuapan.<\/p>\n\n\n\n<p>La menor aborda un transporte p\u00fablico en su localidad, cruza\nparte del territorio de Hidalgo y baja en la carretera Apan-La Uni\u00f3n, a la\naltura de Tetlapayac, lugar donde deb\u00eda abordar otro transporte.<\/p>\n\n\n\n<p>SECUESTRO<\/p>\n\n\n\n<p>Sin embargo, aproximadamente a las 07:30 horas, en el\nreferido crucero de Tetlapayac, la menor apenas bajo del transporte p\u00fablico,\nfue sometida por desconocidos que por la fuerza fue subida a una camioneta gris\ny huyeron con direcci\u00f3n a La Uni\u00f3n, Estado de Tlaxcala.<\/p>\n\n\n\n<p>Elementos de la Polic\u00eda Municipal de Almoloya y Polic\u00edas Estatales\n&nbsp;de Hidalgo implementaron un operativo de\nb\u00fasqueda en coordinaci\u00f3n con sus hom\u00f3logos de Tlaxcala, \u201cpeinaron\u201d carreteras y\ncaminos rurales, pero hasta el momento no la han encontrado.<\/p>\n\n\n\n<p>Los operativos de b\u00fasqueda contin\u00faan y, pese a que los hechos\nocurrieron en Hidalgo, est\u00e1 claro que la investigaci\u00f3n se centrara en el Estado\nde Tlaxcala. <\/p>\n","protected":false},"excerpt":{"rendered":"<p>Fue levantada en la localidad de Tetlapayac Por Juan Sabino Cruz Almoloya, Hgo.- Las corporaciones de Hidalgo y Tlaxcala est\u00e1n en alerta general para buscar localizar a una menor de edad que fue privada de su libertad, la ma\u00f1ana de hoy, en la carretera Apan-La Uni\u00f3n, a la altura de Tetlapayac. EL REPORTERO logr\u00f3 obtener<\/p>\n","protected":false},"author":2,"featured_media":46984,"comment_status":"open","ping_status":"closed","sticky":false,"template":"","format":"standard","meta":{"footnotes":""},"categories":[10],"tags":[],"class_list":{"0":"post-46983","1":"post","2":"type-post","3":"status-publish","4":"format-standard","5":"has-post-thumbnail","7":"category-hidalgo"},"_links":{"self":[{"href":"https:\/\/elreporterohgo.com\/noticias\/wp-json\/wp\/v2\/posts\/46983","targetHints":{"allow":["GET"]}}],"collection":[{"href":"https:\/\/elreporterohgo.com\/noticias\/wp-json\/wp\/v2\/posts"}],"about":[{"href":"https:\/\/elreporterohgo.com\/noticias\/wp-json\/wp\/v2\/types\/post"}],"author":[{"embeddable":true,"href":"https:\/\/elreporterohgo.com\/noticias\/wp-json\/wp\/v2\/users\/2"}],"replies":[{"embeddable":true,"href":"https:\/\/elreporterohgo.com\/noticias\/wp-json\/wp\/v2\/comments?post=46983"}],"version-history":[{"count":2,"href":"https:\/\/elreporterohgo.com\/noticias\/wp-json\/wp\/v2\/posts\/46983\/revisions"}],"predecessor-version":[{"id":46986,"href":"https:\/\/elreporterohgo.com\/noticias\/wp-json\/wp\/v2\/posts\/46983\/revisions\/46986"}],"wp:featuredmedia":[{"embeddable":true,"href":"https:\/\/elreporterohgo.com\/noticias\/wp-json\/wp\/v2\/media\/46984"}],"wp:attachment":[{"href":"https:\/\/elreporterohgo.com\/noticias\/wp-json\/wp\/v2\/media?parent=46983"}],"wp:term":[{"taxonomy":"category","embeddable":true,"href":"https:\/\/elreporterohgo.com\/noticias\/wp-json\/wp\/v2\/categories?post=46983"},{"taxonomy":"post_tag","embeddable":true,"href":"https:\/\/elreporterohgo.com\/noticias\/wp-json\/wp\/v2\/tags?post=46983"}],"curies":[{"name":"wp","href":"https:\/\/api.w.org\/{rel}","templated":true}]}}