{"id":46973,"date":"2022-03-07T03:52:09","date_gmt":"2022-03-07T09:52:09","guid":{"rendered":"https:\/\/elreporterohgo.com\/noticias\/?p=46973"},"modified":"2022-03-07T03:54:29","modified_gmt":"2022-03-07T09:54:29","slug":"seran-investigados-los-delitos-cometidos-contra-los-animales","status":"publish","type":"post","link":"https:\/\/elreporterohgo.com\/noticias\/2022\/03\/07\/seran-investigados-los-delitos-cometidos-contra-los-animales\/","title":{"rendered":"Ser\u00e1n investigados los delitos cometidos contra los animales"},"content":{"rendered":"\n<figure class=\"wp-block-image\"><img fetchpriority=\"high\" decoding=\"async\" width=\"834\" height=\"854\" src=\"https::\/\/elreporterohgo.com\/noticias\/wp-content\/uploads\/2022\/03\/275201071_3063213477250512_4031352592997120313_n.jpg\" alt=\"\" class=\"wp-image-46974\" srcset=\"https:\/\/elreporterohgo.com\/noticias\/wp-content\/uploads\/2022\/03\/275201071_3063213477250512_4031352592997120313_n.jpg 834w, https:\/\/elreporterohgo.com\/noticias\/wp-content\/uploads\/2022\/03\/275201071_3063213477250512_4031352592997120313_n-293x300.jpg 293w, https:\/\/elreporterohgo.com\/noticias\/wp-content\/uploads\/2022\/03\/275201071_3063213477250512_4031352592997120313_n-768x786.jpg 768w\" sizes=\"(max-width: 834px) 100vw, 834px\" \/><figcaption>Imag\u00e9n de archivo para ilustrar.<\/figcaption><\/figure>\n\n\n\n<p>Pachuca de Soto, Hgo.- Atendiendo a la propuesta del gobernador\ndel estado de Hidalgo, hemos iniciado los trabajos y tr\u00e1mites al interior de la\nProcuradur\u00eda, para crear una Unidad especializada en la investigaci\u00f3n de\ndelitos cometidos contra los animales, que contar\u00e1 con agentes del Ministerio\nP\u00fablico, as\u00ed como personal de la Divisi\u00f3n cient\u00edfica y la Divisi\u00f3n de\ninvestigaci\u00f3n, capacitado para atender estos hechos il\u00edcitos. <\/p>\n\n\n\n<p>Los\npr\u00f3ximos d\u00edas se convocar\u00e1 a organizaciones y colectivos de Hidalgo que act\u00faan\nen favor de los derechos de animales y combaten el maltrato animal, para\nconsolidar acciones conjuntas en favor de una mejor atenci\u00f3n y persecuci\u00f3n a\neste lamentable fen\u00f3meno.<\/p>\n","protected":false},"excerpt":{"rendered":"<p>Pachuca de Soto, Hgo.- Atendiendo a la propuesta del gobernador del estado de Hidalgo, hemos iniciado los trabajos y tr\u00e1mites al interior de la Procuradur\u00eda, para crear una Unidad especializada en la investigaci\u00f3n de delitos cometidos contra los animales, que contar\u00e1 con agentes del Ministerio P\u00fablico, as\u00ed como personal de la Divisi\u00f3n cient\u00edfica y la<\/p>\n","protected":false},"author":2,"featured_media":46974,"comment_status":"open","ping_status":"closed","sticky":false,"template":"","format":"standard","meta":{"footnotes":""},"categories":[10],"tags":[],"class_list":{"0":"post-46973","1":"post","2":"type-post","3":"status-publish","4":"format-standard","5":"has-post-thumbnail","7":"category-hidalgo"},"_links":{"self":[{"href":"https:\/\/elreporterohgo.com\/noticias\/wp-json\/wp\/v2\/posts\/46973","targetHints":{"allow":["GET"]}}],"collection":[{"href":"https:\/\/elreporterohgo.com\/noticias\/wp-json\/wp\/v2\/posts"}],"about":[{"href":"https:\/\/elreporterohgo.com\/noticias\/wp-json\/wp\/v2\/types\/post"}],"author":[{"embeddable":true,"href":"https:\/\/elreporterohgo.com\/noticias\/wp-json\/wp\/v2\/users\/2"}],"replies":[{"embeddable":true,"href":"https:\/\/elreporterohgo.com\/noticias\/wp-json\/wp\/v2\/comments?post=46973"}],"version-history":[{"count":2,"href":"https:\/\/elreporterohgo.com\/noticias\/wp-json\/wp\/v2\/posts\/46973\/revisions"}],"predecessor-version":[{"id":46976,"href":"https:\/\/elreporterohgo.com\/noticias\/wp-json\/wp\/v2\/posts\/46973\/revisions\/46976"}],"wp:featuredmedia":[{"embeddable":true,"href":"https:\/\/elreporterohgo.com\/noticias\/wp-json\/wp\/v2\/media\/46974"}],"wp:attachment":[{"href":"https:\/\/elreporterohgo.com\/noticias\/wp-json\/wp\/v2\/media?parent=46973"}],"wp:term":[{"taxonomy":"category","embeddable":true,"href":"https:\/\/elreporterohgo.com\/noticias\/wp-json\/wp\/v2\/categories?post=46973"},{"taxonomy":"post_tag","embeddable":true,"href":"https:\/\/elreporterohgo.com\/noticias\/wp-json\/wp\/v2\/tags?post=46973"}],"curies":[{"name":"wp","href":"https:\/\/api.w.org\/{rel}","templated":true}]}}