{"id":46953,"date":"2022-03-06T11:50:06","date_gmt":"2022-03-06T17:50:06","guid":{"rendered":"https:\/\/elreporterohgo.com\/noticias\/?p=46953"},"modified":"2022-03-06T11:50:07","modified_gmt":"2022-03-06T17:50:07","slug":"decalogo-pri-incluyente-en-favor-de-las-personas-con-discapacidad","status":"publish","type":"post","link":"https:\/\/elreporterohgo.com\/noticias\/2022\/03\/06\/decalogo-pri-incluyente-en-favor-de-las-personas-con-discapacidad\/","title":{"rendered":"Dec\u00e1logo PRI Incluyente, en favor de las personas con discapacidad"},"content":{"rendered":"\n<figure class=\"wp-block-image\"><img fetchpriority=\"high\" decoding=\"async\" width=\"900\" height=\"600\" src=\"https::\/\/elreporterohgo.com\/noticias\/wp-content\/uploads\/2022\/03\/FOTO1-3.jpg\" alt=\"\" class=\"wp-image-46954\" srcset=\"https:\/\/elreporterohgo.com\/noticias\/wp-content\/uploads\/2022\/03\/FOTO1-3.jpg 900w, https:\/\/elreporterohgo.com\/noticias\/wp-content\/uploads\/2022\/03\/FOTO1-3-300x200.jpg 300w, https:\/\/elreporterohgo.com\/noticias\/wp-content\/uploads\/2022\/03\/FOTO1-3-768x512.jpg 768w\" sizes=\"(max-width: 900px) 100vw, 900px\" \/><\/figure>\n\n\n\n<p>Pachuca,\nHgo.- &nbsp;Durante la firma del Dec\u00e1logo PRI Incluyente,\nen favor de las personas con discapacidad, Carolina Viggiano Austria,\nsecretaria general del Comit\u00e9 Ejecutivo Nacional del PRI, se\u00f1al\u00f3 que la visi\u00f3n\ndel pr\u00f3ximo gobierno debe ser orientada desde los derechos humanos y no\nasistencialista, que no se puede seguir construyendo m\u00e1s infraestructura sin\nconsiderar la movilidad de las personas que tienen alg\u00fan tipo de discapacidad\nmotriz, para que puedan tener mayor libertad.<\/p>\n\n\n\n<p>\u201cIncluir\na las personas con dicapacidad en los perfiles laborales que sean posibles y\nque algunos puedan hacerlos desde su casa, hay que revisar todos los perfiles\nde gobierno para ver cu\u00e1les de esos pueden realizar las personas con\ndicapacidad, as\u00ed como cu\u00e1les pueden acupar la madres que cuidan a estas\npersonas y pueden trabajar desde casa\u201d, propuso Viggiano Austria.<\/p>\n\n\n\n<p>Expuso\nque ante el fracaso del Instituto de Salud para el Bienestar (INSABI) se va a\ntrabajar en la creaci\u00f3n de un propio sistema de salud que beneficie a todas y\ntodos los hidalguenses, un sistema que responda a las necesidades que la\npoblaci\u00f3n requiere.<\/p>\n\n\n\n<p>Por\nsu parte, Julio Manuel Valera Piedras, presidente del Comit\u00e9 Directivo Estatal del\nRevolucionario Institucional puntualiz\u00f3, que la inclusi\u00f3n de las personas con\ndiscapacidad, es parte de las causas que abandera el PRI, ya que el dise\u00f1o de\nleyes y de pol\u00edticas p\u00fablicas es una condici\u00f3n fundamental para que el estado\navance de una forma integral y sostenible.<\/p>\n\n\n\n<p>En\neste sentido, se tiene un compromiso claro para que esta narrativa en el\ndiscurso, tenga el sustento en la construcci\u00f3n de leyes y de pol\u00edticas p\u00fablicas\nen beneficio de las personas con discapacidad, ya que en el Congreso del Estado,\nla agenda de las personas con discapacidad se ha mantenido como una de las\nprincipales banderas del Revolucionario Institucional.<\/p>\n\n\n\n<p>\u201cAyer\ncebramos el 93 aniversario de la fundaci\u00f3n de nuestro partido, han sido 93 a\u00f1os\nde lucha a favor de las causas que nos han consolidado como el partido m\u00e1s\ngrande de M\u00e9xico, y no hay duda que una de esas causas que nos mueven es la\ninclusi\u00f3n de las personas con discapacidad\u201d.<\/p>\n\n\n\n<p>Sostuvo\nque: \u201cen el PRI hemos realizado acciones que impulsan la participaci\u00f3n de las\npersonas con discapacidad, pero sobre todo, buscan beneficios y oportunidades\npara un desarrollo pleno, inclusivo y de largo plazo, no se trata de d\u00e1divas,\nse trata de derechos\u201d.<\/p>\n\n\n\n<p>En el mismo orden de\nideas, Mois\u00e9s Pelcastre Hern\u00e1ndez, secretario de Atenci\u00f3n a las Personas con\nDicapacidad del CDE del PRI, dio a conocer la creaci\u00f3n de dos Coordinaciones de\nParticipaci\u00f3n e Inclusi\u00f3n de Personas con Discapacidad en los municipios de El\nArenal y Tolcayuca.<\/p>\n\n\n\n<p>\u201cQuiero decirles que\nestas coordinaciones se destacan por ser las \u00fanicas dos en nuestro estado y que\nson de gobiernos priistas, decirles con mucha emoci\u00f3n que fueron emanadas de\nesta Secretar\u00eda\u201d, concluy\u00f3.<\/p>\n","protected":false},"excerpt":{"rendered":"<p>Pachuca, Hgo.- &nbsp;Durante la firma del Dec\u00e1logo PRI Incluyente, en favor de las personas con discapacidad, Carolina Viggiano Austria, secretaria general del Comit\u00e9 Ejecutivo Nacional del PRI, se\u00f1al\u00f3 que la visi\u00f3n del pr\u00f3ximo gobierno debe ser orientada desde los derechos humanos y no asistencialista, que no se puede seguir construyendo m\u00e1s infraestructura sin considerar la<\/p>\n","protected":false},"author":2,"featured_media":46954,"comment_status":"open","ping_status":"closed","sticky":false,"template":"","format":"standard","meta":{"footnotes":""},"categories":[10],"tags":[],"class_list":{"0":"post-46953","1":"post","2":"type-post","3":"status-publish","4":"format-standard","5":"has-post-thumbnail","7":"category-hidalgo"},"_links":{"self":[{"href":"https:\/\/elreporterohgo.com\/noticias\/wp-json\/wp\/v2\/posts\/46953","targetHints":{"allow":["GET"]}}],"collection":[{"href":"https:\/\/elreporterohgo.com\/noticias\/wp-json\/wp\/v2\/posts"}],"about":[{"href":"https:\/\/elreporterohgo.com\/noticias\/wp-json\/wp\/v2\/types\/post"}],"author":[{"embeddable":true,"href":"https:\/\/elreporterohgo.com\/noticias\/wp-json\/wp\/v2\/users\/2"}],"replies":[{"embeddable":true,"href":"https:\/\/elreporterohgo.com\/noticias\/wp-json\/wp\/v2\/comments?post=46953"}],"version-history":[{"count":1,"href":"https:\/\/elreporterohgo.com\/noticias\/wp-json\/wp\/v2\/posts\/46953\/revisions"}],"predecessor-version":[{"id":46955,"href":"https:\/\/elreporterohgo.com\/noticias\/wp-json\/wp\/v2\/posts\/46953\/revisions\/46955"}],"wp:featuredmedia":[{"embeddable":true,"href":"https:\/\/elreporterohgo.com\/noticias\/wp-json\/wp\/v2\/media\/46954"}],"wp:attachment":[{"href":"https:\/\/elreporterohgo.com\/noticias\/wp-json\/wp\/v2\/media?parent=46953"}],"wp:term":[{"taxonomy":"category","embeddable":true,"href":"https:\/\/elreporterohgo.com\/noticias\/wp-json\/wp\/v2\/categories?post=46953"},{"taxonomy":"post_tag","embeddable":true,"href":"https:\/\/elreporterohgo.com\/noticias\/wp-json\/wp\/v2\/tags?post=46953"}],"curies":[{"name":"wp","href":"https:\/\/api.w.org\/{rel}","templated":true}]}}