{"id":46906,"date":"2022-03-04T20:39:37","date_gmt":"2022-03-05T02:39:37","guid":{"rendered":"https:\/\/elreporterohgo.com\/noticias\/?p=46906"},"modified":"2022-03-04T20:39:38","modified_gmt":"2022-03-05T02:39:38","slug":"camara-de-diputados-aprobo-solicitud-de-licencia-a-carolina-viggiano","status":"publish","type":"post","link":"https:\/\/elreporterohgo.com\/noticias\/2022\/03\/04\/camara-de-diputados-aprobo-solicitud-de-licencia-a-carolina-viggiano\/","title":{"rendered":"C\u00e1mara de Diputados aprob\u00f3 solicitud de licencia a Carolina Viggiano"},"content":{"rendered":"\n<figure class=\"wp-block-image\"><img fetchpriority=\"high\" decoding=\"async\" width=\"1024\" height=\"683\" src=\"https::\/\/elreporterohgo.com\/noticias\/wp-content\/uploads\/2022\/03\/Foto-5-5-1024x683.jpeg\" alt=\"\" class=\"wp-image-46907\" srcset=\"https:\/\/elreporterohgo.com\/noticias\/wp-content\/uploads\/2022\/03\/Foto-5-5-1024x683.jpeg 1024w, https:\/\/elreporterohgo.com\/noticias\/wp-content\/uploads\/2022\/03\/Foto-5-5-300x200.jpeg 300w, https:\/\/elreporterohgo.com\/noticias\/wp-content\/uploads\/2022\/03\/Foto-5-5-768x512.jpeg 768w, https:\/\/elreporterohgo.com\/noticias\/wp-content\/uploads\/2022\/03\/Foto-5-5.jpeg 1280w\" sizes=\"(max-width: 1024px) 100vw, 1024px\" \/><\/figure>\n\n\n\n<p>El Pleno de la C\u00e1mara de Diputados aprob\u00f3,\npor unanimidad, la solicitud de licencia presentada por la diputada federal\npriista Carolina Viggiano Austria con efectos a partir del 4 de marzo, para\nestar en condiciones de participar en el proceso electoral para renovar la\ngubernatura del estado de Hidalgo, tal como lo establecen los diversos\nordenamientos legales.<\/p>\n\n\n\n<p>Durante la sesi\u00f3n ordinaria celebrada en el\nPalacio Legislativo de San L\u00e1zaro, se recibi\u00f3 la solicitud de la legisladora\nhidalguense, misma que recibi\u00f3 la aprobaci\u00f3n de diputadas y diputados de\ndiversos partidos pol\u00edticos quienes desearon parabienes y \u00e9xito a Viggiano\nAustria.<\/p>\n\n\n\n<p>Desde la m\u00e1xima tribuna, la tambi\u00e9n dirigente\ndel PRI agradeci\u00f3 la solidaridad de sus pares y refrend\u00f3 su convicci\u00f3n\ndemocr\u00e1tica de trabajar en unidad para sacar adelante a Hidalgo y a M\u00e9xico.<\/p>\n\n\n\n<p>\u201cGracias a mis compa\u00f1eras y compa\u00f1eros, y\naunque hayamos tenido diferencias en diferentes temas que ocupan la atenci\u00f3n en\nla Rep\u00fablica, quiero que sepan que son m\u00e1s cosas las que nos unen que las que\nnos separan. Quiero decirles a todas y todos que siempre estar\u00e9 abierta al\ndi\u00e1logo y a construir con ustedes desde cualquier espacio\u201d, subray\u00f3.<\/p>\n\n\n\n<p>Finalmente ofreci\u00f3 estar dispuesta al di\u00e1logo\ny la concertaci\u00f3n con todos los que aman a M\u00e9xico y, especialmente, al estado\nde Hidalgo.<\/p>\n","protected":false},"excerpt":{"rendered":"<p>El Pleno de la C\u00e1mara de Diputados aprob\u00f3, por unanimidad, la solicitud de licencia presentada por la diputada federal priista Carolina Viggiano Austria con efectos a partir del 4 de marzo, para estar en condiciones de participar en el proceso electoral para renovar la gubernatura del estado de Hidalgo, tal como lo establecen los diversos<\/p>\n","protected":false},"author":2,"featured_media":46907,"comment_status":"open","ping_status":"closed","sticky":false,"template":"","format":"standard","meta":{"footnotes":""},"categories":[10],"tags":[],"class_list":{"0":"post-46906","1":"post","2":"type-post","3":"status-publish","4":"format-standard","5":"has-post-thumbnail","7":"category-hidalgo"},"_links":{"self":[{"href":"https:\/\/elreporterohgo.com\/noticias\/wp-json\/wp\/v2\/posts\/46906","targetHints":{"allow":["GET"]}}],"collection":[{"href":"https:\/\/elreporterohgo.com\/noticias\/wp-json\/wp\/v2\/posts"}],"about":[{"href":"https:\/\/elreporterohgo.com\/noticias\/wp-json\/wp\/v2\/types\/post"}],"author":[{"embeddable":true,"href":"https:\/\/elreporterohgo.com\/noticias\/wp-json\/wp\/v2\/users\/2"}],"replies":[{"embeddable":true,"href":"https:\/\/elreporterohgo.com\/noticias\/wp-json\/wp\/v2\/comments?post=46906"}],"version-history":[{"count":1,"href":"https:\/\/elreporterohgo.com\/noticias\/wp-json\/wp\/v2\/posts\/46906\/revisions"}],"predecessor-version":[{"id":46908,"href":"https:\/\/elreporterohgo.com\/noticias\/wp-json\/wp\/v2\/posts\/46906\/revisions\/46908"}],"wp:featuredmedia":[{"embeddable":true,"href":"https:\/\/elreporterohgo.com\/noticias\/wp-json\/wp\/v2\/media\/46907"}],"wp:attachment":[{"href":"https:\/\/elreporterohgo.com\/noticias\/wp-json\/wp\/v2\/media?parent=46906"}],"wp:term":[{"taxonomy":"category","embeddable":true,"href":"https:\/\/elreporterohgo.com\/noticias\/wp-json\/wp\/v2\/categories?post=46906"},{"taxonomy":"post_tag","embeddable":true,"href":"https:\/\/elreporterohgo.com\/noticias\/wp-json\/wp\/v2\/tags?post=46906"}],"curies":[{"name":"wp","href":"https:\/\/api.w.org\/{rel}","templated":true}]}}