{"id":46819,"date":"2022-02-28T14:54:05","date_gmt":"2022-02-28T20:54:05","guid":{"rendered":"https:\/\/elreporterohgo.com\/noticias\/?p=46819"},"modified":"2022-02-28T14:54:07","modified_gmt":"2022-02-28T20:54:07","slug":"primera-dosis-adolescentes-que-cumplen-15-anos-en-2022","status":"publish","type":"post","link":"https:\/\/elreporterohgo.com\/noticias\/2022\/02\/28\/primera-dosis-adolescentes-que-cumplen-15-anos-en-2022\/","title":{"rendered":"Primera dosis adolescentes que cumplen 15 a\u00f1os en 2022"},"content":{"rendered":"\n<figure class=\"wp-block-image\"><img fetchpriority=\"high\" decoding=\"async\" width=\"1024\" height=\"791\" src=\"https::\/\/elreporterohgo.com\/noticias\/wp-content\/uploads\/2022\/02\/274914527_354324509925043_876384604521932054_n-1024x791.jpg\" alt=\"\" class=\"wp-image-46820\" srcset=\"https:\/\/elreporterohgo.com\/noticias\/wp-content\/uploads\/2022\/02\/274914527_354324509925043_876384604521932054_n-1024x791.jpg 1024w, https:\/\/elreporterohgo.com\/noticias\/wp-content\/uploads\/2022\/02\/274914527_354324509925043_876384604521932054_n-300x232.jpg 300w, https:\/\/elreporterohgo.com\/noticias\/wp-content\/uploads\/2022\/02\/274914527_354324509925043_876384604521932054_n-768x593.jpg 768w, https:\/\/elreporterohgo.com\/noticias\/wp-content\/uploads\/2022\/02\/274914527_354324509925043_876384604521932054_n.jpg 1080w\" sizes=\"(max-width: 1024px) 100vw, 1024px\" \/><\/figure>\n\n\n\n<p>TEPEAPULCO, Hgo.-  Si cumples 15 a\u00f1os en 2022, podr\u00e1s acudir a recibir la primera dosis de la vacuna contra el\u00a0<a href=\"https:s:\/\/www.facebook.com\/hashtag\/covid19?__eep__=6&amp;__cft__%5b0%5d=AZUuvS-78Uf-u8kk5TxUxT-fuPfkGIqxpILsG7qjpYbv9z628K0cCFpI4CRGu6Sx3aS43g066YMY6cg0ugEQUB9E8Lx2AjG_vYYnStjnHhGTOgfgkUI3tNFzDBPX2rd39E5WT224Wui6KiWZGqBr2hsK&amp;__tn__=*NK*F\">#COVID19<\/a>.<br> <br> Para tu mejor atenci\u00f3n deber\u00e1s presentar, CURP, n\u00famero de folio y EXPEDIENTE DE REFUERZO DE VACUNACI\u00d3N, que podr\u00e1s descargar en la p\u00e1gina\u00a0<a rel=\"noreferrer noopener\" href=\"https:s:\/\/l.facebook.com\/l.php?u=https:s%3A%2F%2Fmivacuna.salud.gob.mx%2Findex.php%3Ffbclid%3DIwAR3IaVe5W457-bfd13WQ3Y3cfdiY2tLNbUQQtDd_wyBE_udX0WlfQcbuBpY&amp;h=AT1XHr9a1V-CZVbH3ssoZ7N3aEzWHp2AmlSYjS7YNJ9bQ5LmoyJoN9mbLXpDt581rYvakkEoQUmgq171KSE75_DgsnRP8mLpaGKzfJePL4l-b3SBlfqJm4YPxcPmc70dZyqO-zkukMLWO6RQew&amp;__tn__=-UK*F&amp;c%5b0%5d=AT0wWX31zLVdDWOY1fEJeZRknj8Y1ZcXnqv80z6AOBfg6uAps1HEG7tSmgdRotKE0hyGyVVnpDZWDiZ6TjU4gyy1X21Muo5OmvNinGwgXxGz0n_srYIaor7eXOZVVy8zjT3r1luQdvZ4nYH9sHYfeyhU74E3pZumHjDo1aYk1i2KWw\" target=\"_blank\">https:s:\/\/mivacuna.salud.gob.mx\/index.php<\/a>, as\u00ed como identificaci\u00f3n oficial de la persona adulta que te acompa\u00f1a.<br> <br> Es importante que acudas a la sede, fecha y hora que te corresponda para evitar contratiempos.\u00a0<\/p>\n","protected":false},"excerpt":{"rendered":"<p>TEPEAPULCO, Hgo.- Si cumples 15 a\u00f1os en 2022, podr\u00e1s acudir a recibir la primera dosis de la vacuna contra el\u00a0#COVID19. Para tu mejor atenci\u00f3n deber\u00e1s presentar, CURP, n\u00famero de folio y EXPEDIENTE DE REFUERZO DE VACUNACI\u00d3N, que podr\u00e1s descargar en la p\u00e1gina\u00a0https:s:\/\/mivacuna.salud.gob.mx\/index.php, as\u00ed como identificaci\u00f3n oficial de la persona adulta que te acompa\u00f1a. Es importante<\/p>\n","protected":false},"author":2,"featured_media":46820,"comment_status":"open","ping_status":"closed","sticky":false,"template":"","format":"standard","meta":{"footnotes":""},"categories":[10],"tags":[],"class_list":{"0":"post-46819","1":"post","2":"type-post","3":"status-publish","4":"format-standard","5":"has-post-thumbnail","7":"category-hidalgo"},"_links":{"self":[{"href":"https:\/\/elreporterohgo.com\/noticias\/wp-json\/wp\/v2\/posts\/46819","targetHints":{"allow":["GET"]}}],"collection":[{"href":"https:\/\/elreporterohgo.com\/noticias\/wp-json\/wp\/v2\/posts"}],"about":[{"href":"https:\/\/elreporterohgo.com\/noticias\/wp-json\/wp\/v2\/types\/post"}],"author":[{"embeddable":true,"href":"https:\/\/elreporterohgo.com\/noticias\/wp-json\/wp\/v2\/users\/2"}],"replies":[{"embeddable":true,"href":"https:\/\/elreporterohgo.com\/noticias\/wp-json\/wp\/v2\/comments?post=46819"}],"version-history":[{"count":1,"href":"https:\/\/elreporterohgo.com\/noticias\/wp-json\/wp\/v2\/posts\/46819\/revisions"}],"predecessor-version":[{"id":46821,"href":"https:\/\/elreporterohgo.com\/noticias\/wp-json\/wp\/v2\/posts\/46819\/revisions\/46821"}],"wp:featuredmedia":[{"embeddable":true,"href":"https:\/\/elreporterohgo.com\/noticias\/wp-json\/wp\/v2\/media\/46820"}],"wp:attachment":[{"href":"https:\/\/elreporterohgo.com\/noticias\/wp-json\/wp\/v2\/media?parent=46819"}],"wp:term":[{"taxonomy":"category","embeddable":true,"href":"https:\/\/elreporterohgo.com\/noticias\/wp-json\/wp\/v2\/categories?post=46819"},{"taxonomy":"post_tag","embeddable":true,"href":"https:\/\/elreporterohgo.com\/noticias\/wp-json\/wp\/v2\/tags?post=46819"}],"curies":[{"name":"wp","href":"https:\/\/api.w.org\/{rel}","templated":true}]}}