{"id":46813,"date":"2022-02-28T04:04:13","date_gmt":"2022-02-28T10:04:13","guid":{"rendered":"https:\/\/elreporterohgo.com\/noticias\/?p=46813"},"modified":"2022-02-28T04:04:15","modified_gmt":"2022-02-28T10:04:15","slug":"preso-por-secuestrar-y-matar-a-un-hombre-en-bar-de-zona-plateada","status":"publish","type":"post","link":"https:\/\/elreporterohgo.com\/noticias\/2022\/02\/28\/preso-por-secuestrar-y-matar-a-un-hombre-en-bar-de-zona-plateada\/","title":{"rendered":"Preso por secuestrar y matar a un hombre en bar de zona plateada"},"content":{"rendered":"\n<figure class=\"wp-block-image\"><img fetchpriority=\"high\" decoding=\"async\" width=\"1024\" height=\"622\" src=\"https::\/\/elreporterohgo.com\/noticias\/wp-content\/uploads\/2022\/02\/0plateada-2-1024x622.jpg\" alt=\"\" class=\"wp-image-46814\" srcset=\"https:\/\/elreporterohgo.com\/noticias\/wp-content\/uploads\/2022\/02\/0plateada-2-1024x622.jpg 1024w, https:\/\/elreporterohgo.com\/noticias\/wp-content\/uploads\/2022\/02\/0plateada-2-300x182.jpg 300w, https:\/\/elreporterohgo.com\/noticias\/wp-content\/uploads\/2022\/02\/0plateada-2-768x466.jpg 768w, https:\/\/elreporterohgo.com\/noticias\/wp-content\/uploads\/2022\/02\/0plateada-2.jpg 1347w\" sizes=\"(max-width: 1024px) 100vw, 1024px\" \/><\/figure>\n\n\n\n<p>Pachuca de Soto, Hgo.-<strong> <\/strong>La Procuradur\u00eda General de Justicia del Estado de Hidalgo (PGJEH)\na trav\u00e9s de la Subprocuradur\u00eda de delitos de g\u00e9nero, desaparici\u00f3n de personas e\nimpacto social, obtuvo de la autoridad judicial la vinculaci\u00f3n a proceso de una\npersona identificada con las iniciales J. S. J. R. por hechos que la ley se\u00f1ala\ncomo desaparici\u00f3n cometida por particulares agravada.<\/p>\n\n\n\n<p>Los hechos que le fueron imputados ocurrieron el pasado 06 de\nfebrero en el exterior de un bar ubicado en la zona plateada, en Pachuca, donde\nuna persona fue privada de su libertad y posteriormente hallada sin vida. <\/p>\n\n\n\n<p>Esta representaci\u00f3n social tuvo conocimiento de lo ocurrido a\npartir de la denuncia por la ausencia de la v\u00edctima, por lo que se inici\u00f3 la\ncarpeta de investigaci\u00f3n correspondiente. <\/p>\n\n\n\n<p>Un equipo de agentes del Ministerio P\u00fablico de la PGJEH, a cargo\nde las investigaciones, con apoyo de la Divisi\u00f3n de investigaci\u00f3n y de la\nDivisi\u00f3n cient\u00edfica, obtuvo datos de prueba que fueron expuestos ante el\n&nbsp;juez de control.<\/p>\n\n\n\n<p>Durante la audiencia inicial en la que fueron imputados los\nhechos, el Ministerio P\u00fablico solicit\u00f3 ante el juez la vinculaci\u00f3n a proceso\npara el probable, misma que fue dictada.<\/p>\n\n\n\n<p>El imputado deber\u00e1 permanecer en prisi\u00f3n preventiva oficiosa como\nmedida cautelar; adem\u00e1s el juez otorg\u00f3 un plazo de tres meses para el cierre de\nla investigaci\u00f3n complementaria.<\/p>\n","protected":false},"excerpt":{"rendered":"<p>Pachuca de Soto, Hgo.- La Procuradur\u00eda General de Justicia del Estado de Hidalgo (PGJEH) a trav\u00e9s de la Subprocuradur\u00eda de delitos de g\u00e9nero, desaparici\u00f3n de personas e impacto social, obtuvo de la autoridad judicial la vinculaci\u00f3n a proceso de una persona identificada con las iniciales J. S. J. R. por hechos que la ley se\u00f1ala<\/p>\n","protected":false},"author":2,"featured_media":46814,"comment_status":"open","ping_status":"closed","sticky":false,"template":"","format":"standard","meta":{"footnotes":""},"categories":[10],"tags":[],"class_list":{"0":"post-46813","1":"post","2":"type-post","3":"status-publish","4":"format-standard","5":"has-post-thumbnail","7":"category-hidalgo"},"_links":{"self":[{"href":"https:\/\/elreporterohgo.com\/noticias\/wp-json\/wp\/v2\/posts\/46813","targetHints":{"allow":["GET"]}}],"collection":[{"href":"https:\/\/elreporterohgo.com\/noticias\/wp-json\/wp\/v2\/posts"}],"about":[{"href":"https:\/\/elreporterohgo.com\/noticias\/wp-json\/wp\/v2\/types\/post"}],"author":[{"embeddable":true,"href":"https:\/\/elreporterohgo.com\/noticias\/wp-json\/wp\/v2\/users\/2"}],"replies":[{"embeddable":true,"href":"https:\/\/elreporterohgo.com\/noticias\/wp-json\/wp\/v2\/comments?post=46813"}],"version-history":[{"count":1,"href":"https:\/\/elreporterohgo.com\/noticias\/wp-json\/wp\/v2\/posts\/46813\/revisions"}],"predecessor-version":[{"id":46815,"href":"https:\/\/elreporterohgo.com\/noticias\/wp-json\/wp\/v2\/posts\/46813\/revisions\/46815"}],"wp:featuredmedia":[{"embeddable":true,"href":"https:\/\/elreporterohgo.com\/noticias\/wp-json\/wp\/v2\/media\/46814"}],"wp:attachment":[{"href":"https:\/\/elreporterohgo.com\/noticias\/wp-json\/wp\/v2\/media?parent=46813"}],"wp:term":[{"taxonomy":"category","embeddable":true,"href":"https:\/\/elreporterohgo.com\/noticias\/wp-json\/wp\/v2\/categories?post=46813"},{"taxonomy":"post_tag","embeddable":true,"href":"https:\/\/elreporterohgo.com\/noticias\/wp-json\/wp\/v2\/tags?post=46813"}],"curies":[{"name":"wp","href":"https:\/\/api.w.org\/{rel}","templated":true}]}}