{"id":46804,"date":"2022-02-28T03:08:43","date_gmt":"2022-02-28T09:08:43","guid":{"rendered":"https:\/\/elreporterohgo.com\/noticias\/?p=46804"},"modified":"2022-02-28T03:08:45","modified_gmt":"2022-02-28T09:08:45","slug":"fge-sedena-y-gn-desarticulan-banda-de-secuestradores","status":"publish","type":"post","link":"https:\/\/elreporterohgo.com\/noticias\/2022\/02\/28\/fge-sedena-y-gn-desarticulan-banda-de-secuestradores\/","title":{"rendered":"FGE, SEDENA Y GN desarticulan banda de secuestradores"},"content":{"rendered":"\n<figure class=\"wp-block-image\"><img fetchpriority=\"high\" decoding=\"async\" width=\"1024\" height=\"898\" src=\"https::\/\/elreporterohgo.com\/noticias\/wp-content\/uploads\/2022\/02\/a39dee6d-47cd-4beb-97ad-348a4d967e63-1024x898.jpg\" alt=\"\" class=\"wp-image-46805\" srcset=\"https:\/\/elreporterohgo.com\/noticias\/wp-content\/uploads\/2022\/02\/a39dee6d-47cd-4beb-97ad-348a4d967e63-1024x898.jpg 1024w, https:\/\/elreporterohgo.com\/noticias\/wp-content\/uploads\/2022\/02\/a39dee6d-47cd-4beb-97ad-348a4d967e63-300x263.jpg 300w, https:\/\/elreporterohgo.com\/noticias\/wp-content\/uploads\/2022\/02\/a39dee6d-47cd-4beb-97ad-348a4d967e63-768x674.jpg 768w, https:\/\/elreporterohgo.com\/noticias\/wp-content\/uploads\/2022\/02\/a39dee6d-47cd-4beb-97ad-348a4d967e63.jpg 1231w\" sizes=\"(max-width: 1024px) 100vw, 1024px\" \/><\/figure>\n\n\n\n<p>Capturan a plagiarios y rescatan a las v\u00edctimas<\/p>\n\n\n\n<p>Chilpancingo, Gro. 28 de febrero de 2022.- La Fiscal\u00eda\nGeneral del Estado a trav\u00e9s de la Fiscal\u00eda Especializada Contra el Secuestro,\nen operaciones conjuntas con la Secretar\u00eda de la Defensa Nacional, Guardia\nNacional rescataron a una persona del sexo masculino y posteriormente\ndesarticulan una banda de 7 integrantes dedicada al secuestro, 5 del sexo\nmasculino y 2 f\u00e9minas, en diferentes hechos.<\/p>\n\n\n\n<p>El d\u00eda 25 de febrero aproximadamente a las 18:20 horas,\nelementos de la SEDENA se encontraban realizando operativos de prevenci\u00f3n a la\naltura del Fraccionamiento Condesa, ah\u00ed circunstancialmente&nbsp; rescatan a una v\u00edctima de secuestro y con\napoyo de la FGE aseguraron a tres personas Gustavo \u00abN\u00bb, Jorge Enrique\n\u00abN\u00bb y Sara \u00abN\u00bb, como probables responsables de secuestro,\nas\u00ed como un veh\u00edculo Nissan, color rojo.<\/p>\n\n\n\n<p>Al realizar diversos actos de investigaci\u00f3n y con el apoyo\nde la Coordinaci\u00f3n Nacional Antisecuestro, la Secretar\u00eda de la Defensa Nacional\ny Secretar\u00eda de Seguridad P\u00fablica Estatal, se identific\u00f3 a otros cuatro autores\ndel delito, a quienes se les cumpliment\u00f3 una orden de aprehensi\u00f3n, logrando la\ndetenci\u00f3n de Juyn \u00abN\u00bb de nacionalidad coreana, quien adem\u00e1s era el\nl\u00edder de esta banda, Gabriel Asael \u00abN\u00bb, Miguel \u00c1ngel \u00abN\u00bb y\nBianca \u201cN\u201d esta \u00faltima de nacionalidad cubana.<\/p>\n\n\n\n<p>Tambi\u00e9n se logr\u00f3 identificar un inmueble que sirvi\u00f3 de casa\nde seguridad donde mantuvieron cautiva a la v\u00edctima; por lo cual se obtuvo una\norden de cateo; logr\u00e1ndose asegurar 15 envoltorios de pl\u00e1stico con una\nsustancia de caracter\u00edsticas similares al \u00abcrack\u00bb, un veh\u00edculo Audi,\nun Volkswagen tipo vent\u00f3 y una camioneta marca Suburban, as\u00ed como objetos\ndiversos.<\/p>\n\n\n\n<p>La v\u00edctima quien sufri\u00f3 algunas mutilaciones en su anatom\u00eda\ny golpes contusos; ya se encuentra bajo atenci\u00f3n m\u00e9dica, psicol\u00f3gica y se le\nest\u00e1n brindando las medidas de protecci\u00f3n para salvaguardar su integridad.<\/p>\n\n\n\n<p>La Fiscal\u00eda General del Estado de Guerrero, refrenda su\ncompromiso y refuerza las acciones en el combate al delito de secuestro.<\/p>\n","protected":false},"excerpt":{"rendered":"<p>Capturan a plagiarios y rescatan a las v\u00edctimas Chilpancingo, Gro. 28 de febrero de 2022.- La Fiscal\u00eda General del Estado a trav\u00e9s de la Fiscal\u00eda Especializada Contra el Secuestro, en operaciones conjuntas con la Secretar\u00eda de la Defensa Nacional, Guardia Nacional rescataron a una persona del sexo masculino y posteriormente desarticulan una banda de 7<\/p>\n","protected":false},"author":2,"featured_media":46805,"comment_status":"open","ping_status":"closed","sticky":false,"template":"","format":"standard","meta":{"footnotes":""},"categories":[10],"tags":[],"class_list":{"0":"post-46804","1":"post","2":"type-post","3":"status-publish","4":"format-standard","5":"has-post-thumbnail","7":"category-hidalgo"},"_links":{"self":[{"href":"https:\/\/elreporterohgo.com\/noticias\/wp-json\/wp\/v2\/posts\/46804","targetHints":{"allow":["GET"]}}],"collection":[{"href":"https:\/\/elreporterohgo.com\/noticias\/wp-json\/wp\/v2\/posts"}],"about":[{"href":"https:\/\/elreporterohgo.com\/noticias\/wp-json\/wp\/v2\/types\/post"}],"author":[{"embeddable":true,"href":"https:\/\/elreporterohgo.com\/noticias\/wp-json\/wp\/v2\/users\/2"}],"replies":[{"embeddable":true,"href":"https:\/\/elreporterohgo.com\/noticias\/wp-json\/wp\/v2\/comments?post=46804"}],"version-history":[{"count":1,"href":"https:\/\/elreporterohgo.com\/noticias\/wp-json\/wp\/v2\/posts\/46804\/revisions"}],"predecessor-version":[{"id":46806,"href":"https:\/\/elreporterohgo.com\/noticias\/wp-json\/wp\/v2\/posts\/46804\/revisions\/46806"}],"wp:featuredmedia":[{"embeddable":true,"href":"https:\/\/elreporterohgo.com\/noticias\/wp-json\/wp\/v2\/media\/46805"}],"wp:attachment":[{"href":"https:\/\/elreporterohgo.com\/noticias\/wp-json\/wp\/v2\/media?parent=46804"}],"wp:term":[{"taxonomy":"category","embeddable":true,"href":"https:\/\/elreporterohgo.com\/noticias\/wp-json\/wp\/v2\/categories?post=46804"},{"taxonomy":"post_tag","embeddable":true,"href":"https:\/\/elreporterohgo.com\/noticias\/wp-json\/wp\/v2\/tags?post=46804"}],"curies":[{"name":"wp","href":"https:\/\/api.w.org\/{rel}","templated":true}]}}