{"id":46798,"date":"2022-02-27T23:00:41","date_gmt":"2022-02-28T05:00:41","guid":{"rendered":"https:\/\/elreporterohgo.com\/noticias\/?p=46798"},"modified":"2022-02-27T23:00:41","modified_gmt":"2022-02-28T05:00:41","slug":"latinoamerica-la-region-mas-golpeada-por-la-pandemia-de-covid-19","status":"publish","type":"post","link":"https:\/\/elreporterohgo.com\/noticias\/2022\/02\/27\/latinoamerica-la-region-mas-golpeada-por-la-pandemia-de-covid-19\/","title":{"rendered":"Latinoam\u00e9rica, la regi\u00f3n m\u00e1s golpeada por la pandemia de Covid-19"},"content":{"rendered":"\n<p>Hace dos a\u00f1os, el 26 de febrero de 2020, la Covid-19 lleg\u00f3 \u201coficialmente\u201d a Am\u00e9rica Latina. Un brasile\u00f1o de 61 a\u00f1os que hab\u00eda estado en Italia present\u00f3 s\u00edntomas y fue internado en un centro de Sao Paulo, donde le confirmaron el coronavirus. As\u00ed comenz\u00f3 una pesadilla que ha golpeado a esta regi\u00f3n m\u00e1s que a ninguna otra en el mundo, aunque est\u00e1 ganando la batalla de la vacunaci\u00f3n. <\/p>\n\n\n\n<p><strong>La llegada de la enfermedad a Latinoam\u00e9rica, tras varios casos continentales antes en EU y Canad\u00e1, fue uno de los motivos que llev\u00f3 a la Organizaci\u00f3n Mundial de la Salud (OMS) a la declaraci\u00f3n de la pandemia apenas 15 d\u00edas despu\u00e9s, el 11 de marzo.<\/strong><\/p>\n\n\n\n<p>\u201cDebemos aprender las grandes lecciones de la pandemia. Los mecanismos internacionales de cooperaci\u00f3n en el \u00e1rea de salud no fueron efectivos. A\u00fan hoy percibimos que, con m\u00e1s de diez billones de vacunas distribuidas en el mundo, menos de un 11% de ellas fueron para pa\u00edses pobres\u201d, explica Dimas Tadeu Covas, presidente del Instituto Butantan en Sao Paulo (Brasil), un centro de investigaci\u00f3n biom\u00e9dica pionero de la fabricaci\u00f3n de vacunas e investigaci\u00f3n sobre Covid-19 a nivel latinoamericano.<\/p>\n\n\n\n<h2 class=\"wp-block-heading\" id=\"impacto-sanitario-politico-y-economico-de-la-pandemia\">Impacto sanitario, pol\u00edtico y econ\u00f3mico de la pandemia<\/h2>\n\n\n\n<p>A medida que se incrementaron los casos y las muertes, fue quedando claro que la regi\u00f3n no estaba preparada para el impacto de esta enfermedad.<\/p>\n\n\n\n<p>La crisis sanitaria gener\u00f3 tambi\u00e9n manifestaciones sociales que provocaron convulsiones pol\u00edticas muy fuertes, especialmente en algunos pa\u00edses.<\/p>\n\n\n\n<p>En Paraguay, la falta de insumos y el malestar por la gesti\u00f3n del Gobierno fueron el detonante de intensas protestas que obligaron al presidente Mario Abdo Ben\u00edtez a realizar cambios en su gabinete en marzo de 2021.<\/p>\n\n\n\n<p>Durante dos semanas, las calles de las principales ciudades paraguayas fueron ocupadas por ciudadanos que manifestaban su enojo por el colapso de un sistema sanitario, afectado por la escasa inversi\u00f3n y la corrupci\u00f3n.<\/p>\n\n\n\n<p>La negligencia tambi\u00e9n est\u00e1 en el punto de mira de muchos sectores a la hora de hacer un balance de la lucha regional contra la pandemia. De esto se acusa al Gobierno de Andr\u00e9s Manuel L\u00f3pez Obrador en M\u00e9xico y m\u00e1s concretamente al responsable de la lucha contra la enfermedad,&nbsp;<strong>Hugo L\u00f3pez-Gatell, a quien culpan de que M\u00e9xico sea el quinto pa\u00eds con m\u00e1s muertes de todo el mundo,&nbsp;<\/strong>con m\u00e1s de 316,000 fallecimientos hasta la fecha.<\/p>\n\n\n\n<p><strong>Las cr\u00edticas tambi\u00e9n apuntan hacia el propio L\u00f3pez Obrador, quien ha dado positivo por coronavirus en dos ocasiones y a quien critican que en ocasiones haya bajado la gravedad al impacto de la pandemia.<\/strong><\/p>\n\n\n\n<p>En cuanto a la econom\u00eda, 2020, el primer a\u00f1o de Covid-19, result\u00f3 especialmente duro para Am\u00e9rica Latina, con una retracci\u00f3n del PIB regional del PIB del -7.7%, seg\u00fan datos de la Comisi\u00f3n Econ\u00f3mica para Am\u00e9rica Latina (Cepal), mientras que en 2021 se registr\u00f3 una cierta recuperaci\u00f3n, del 3.7%.<\/p>\n\n\n\n<p>Para 2022, el Fondo Monetario Internacional (FMI) prev\u00e9 que la regi\u00f3n crezca apenas un 2.4%.<\/p>\n\n\n\n<h2 class=\"wp-block-heading\" id=\"pandemia-en-latinoamerica-testimonios-de-un-drama\">Pandemia en Latinoam\u00e9rica, testimonios de un drama<\/h2>\n\n\n\n<p>Los dos a\u00f1os que han transcurrido desde la primera infecci\u00f3n en Am\u00e9rica Latina, con un balance hasta la fecha de 146 millones de casos y 2.6 millones de muertos, han dejado muchos testimonios de dolor.<\/p>\n\n\n\n<p>Y si hay un colectivo que puede relatar en primera persona este drama es el de los profesionales de la salud, que han vivido el problema de manera cotidiana.<\/p>\n\n\n\n<p>Las instituciones de salud \u201cno estaban preparadas, esto las sobrepas\u00f3\u201d, comenta la enfermera mexicana Margarita Reyes, quien perdi\u00f3 a su padre, Jos\u00e9 Margarito, de 75 a\u00f1os, y a su hermano, de 46, por el coronavirus.<\/p>\n\n\n\n<p>\u201cDesde el primer momento me toc\u00f3 estar en el servicio de urgencias, donde no sab\u00edan manejar a los pacientes, que aumentaban d\u00eda a d\u00eda\u201d, se\u00f1ala al relatar c\u00f3mo las unidades de cuidados intensivos se iban llenado de enfermos a medida que se expand\u00eda el SARS-CoV-2.<\/p>\n\n\n\n<p><strong>El testimonio de esta enfermera contradice las afirmaciones del gobierno mexicano, que asegura que \u201cnadie se qued\u00f3 sin una cama\u201d.<\/strong><\/p>\n\n\n\n<p>En Venezuela, un pa\u00eds con una grave crisis econ\u00f3mica que afecta especialmente al sector salud, Estefania Polanco vio c\u00f3mo su madre casi se muere por falta de atenci\u00f3n, tras ser internada en un hospital del estado de Miranda, en el centro del pa\u00eds.<\/p>\n\n\n\n<p>\u201cIngres\u00f3 el 10 de julio de 2021, estuvo cuatro d\u00edas inconsciente sin esperanzas de salir de ah\u00ed. Mi suegro logr\u00f3 entrar para verla. No la atend\u00edan. S\u00f3lo le cambiaban el ox\u00edgeno y le administraban pocos medicamentos\u201d, relata la joven, que finalmente tuvo que contratar atenci\u00f3n especializada para que atendieran a su madre.<\/p>\n\n\n\n<p>Las im\u00e1genes son un fiel registro de las calamidades vividas, escenas entre el dramatismo y el horror, como las vividas en Guayaquil (Ecuador), donde al principio de la pandemia los cad\u00e1veres llegaron a api\u00f1arse en las calles y las casas debido al colapso de la red sanitaria y los servicios funerarios.<\/p>\n\n\n\n<figure class=\"wp-block-image\"><img fetchpriority=\"high\" decoding=\"async\" width=\"575\" height=\"1024\" src=\"https::\/\/elreporterohgo.com\/noticias\/wp-content\/uploads\/2022\/02\/WhatsApp-Image-2022-02-04-at-9.56.01-PM-6-1-575x1024.jpeg\" alt=\"\" class=\"wp-image-46799\" srcset=\"https:\/\/elreporterohgo.com\/noticias\/wp-content\/uploads\/2022\/02\/WhatsApp-Image-2022-02-04-at-9.56.01-PM-6-1-575x1024.jpeg 575w, https:\/\/elreporterohgo.com\/noticias\/wp-content\/uploads\/2022\/02\/WhatsApp-Image-2022-02-04-at-9.56.01-PM-6-1-169x300.jpeg 169w, https:\/\/elreporterohgo.com\/noticias\/wp-content\/uploads\/2022\/02\/WhatsApp-Image-2022-02-04-at-9.56.01-PM-6-1.jpeg 719w\" sizes=\"(max-width: 575px) 100vw, 575px\" \/><\/figure>\n","protected":false},"excerpt":{"rendered":"<p>Hace dos a\u00f1os, el 26 de febrero de 2020, la Covid-19 lleg\u00f3 \u201coficialmente\u201d a Am\u00e9rica Latina. Un brasile\u00f1o de 61 a\u00f1os que hab\u00eda estado en Italia present\u00f3 s\u00edntomas y fue internado en un centro de Sao Paulo, donde le confirmaron el coronavirus. As\u00ed comenz\u00f3 una pesadilla que ha golpeado a esta regi\u00f3n m\u00e1s que a<\/p>\n","protected":false},"author":2,"featured_media":46799,"comment_status":"open","ping_status":"closed","sticky":false,"template":"","format":"standard","meta":{"footnotes":""},"categories":[10],"tags":[],"class_list":{"0":"post-46798","1":"post","2":"type-post","3":"status-publish","4":"format-standard","5":"has-post-thumbnail","7":"category-hidalgo"},"_links":{"self":[{"href":"https:\/\/elreporterohgo.com\/noticias\/wp-json\/wp\/v2\/posts\/46798","targetHints":{"allow":["GET"]}}],"collection":[{"href":"https:\/\/elreporterohgo.com\/noticias\/wp-json\/wp\/v2\/posts"}],"about":[{"href":"https:\/\/elreporterohgo.com\/noticias\/wp-json\/wp\/v2\/types\/post"}],"author":[{"embeddable":true,"href":"https:\/\/elreporterohgo.com\/noticias\/wp-json\/wp\/v2\/users\/2"}],"replies":[{"embeddable":true,"href":"https:\/\/elreporterohgo.com\/noticias\/wp-json\/wp\/v2\/comments?post=46798"}],"version-history":[{"count":1,"href":"https:\/\/elreporterohgo.com\/noticias\/wp-json\/wp\/v2\/posts\/46798\/revisions"}],"predecessor-version":[{"id":46800,"href":"https:\/\/elreporterohgo.com\/noticias\/wp-json\/wp\/v2\/posts\/46798\/revisions\/46800"}],"wp:featuredmedia":[{"embeddable":true,"href":"https:\/\/elreporterohgo.com\/noticias\/wp-json\/wp\/v2\/media\/46799"}],"wp:attachment":[{"href":"https:\/\/elreporterohgo.com\/noticias\/wp-json\/wp\/v2\/media?parent=46798"}],"wp:term":[{"taxonomy":"category","embeddable":true,"href":"https:\/\/elreporterohgo.com\/noticias\/wp-json\/wp\/v2\/categories?post=46798"},{"taxonomy":"post_tag","embeddable":true,"href":"https:\/\/elreporterohgo.com\/noticias\/wp-json\/wp\/v2\/tags?post=46798"}],"curies":[{"name":"wp","href":"https:\/\/api.w.org\/{rel}","templated":true}]}}